{"id":15800,"date":"2023-08-09T15:46:46","date_gmt":"2023-08-09T20:46:46","guid":{"rendered":"https:\/\/chaneltodaycancun.com\/?p=15800"},"modified":"2023-08-09T20:46:48","modified_gmt":"2023-08-09T20:46:48","slug":"cancun-abrira-nuevo-centro-de-migrantes-ante-el-aumento-de-indocumentados","status":"publish","type":"post","link":"https:\/\/chaneltodaycancun.com\/index.php\/2023\/08\/09\/cancun-abrira-nuevo-centro-de-migrantes-ante-el-aumento-de-indocumentados\/","title":{"rendered":"Canc\u00fan abrir\u00e1 nuevo centro de migrantes ante el aumento de indocumentados"},"content":{"rendered":"<div>\n<div class=\"row m-b-15\">\n<div class=\"col-xs-12 col-sm-12 col-md-12 col-lg-12\">\n<h4 class=\"introduction\" style=\"text-align: center;\">Debido a la ola de inmigraci\u00f3n que llega por Quintana Roo, Canc\u00fan tendr\u00e1 el segundo Centro de Recursos para Trabajadores Migrantes del pa\u00eds.<\/h4>\n<\/div>\n<\/div>\n<\/div>\n<div class=\"row m-b-25\">\n<div class=\"col-xs-12 col-sm-12 col-md-12 col-lg-12 info-extra-new\">\n<p>Canc\u00fan tendr\u00e1 un\u00a0<strong>Centro de Recursos para Trabajadores Migrantes<\/strong>, el segundo del pa\u00eds luego del de Tijuana; dedicado a la capacitaci\u00f3n y atenci\u00f3n a este sector ante el aumento en la inmigraci\u00f3n.<\/p>\n<p>Datos oficiales colocan al municipio de Benito Ju\u00e1rez, que alberga Canc\u00fan, y a Solidaridad, donde est\u00e1 Playa del Carmen; como el tercer y cuarto municipio del pa\u00eds, con mayor cantidad de personas documentadas con\u00a0<strong>tarjeta de residente temporal en 2023<\/strong>.<\/p>\n<p>Seg\u00fan los n\u00fameros, tres mil 329 extranjeros obtuvieron la tarjeta de\u00a0<strong>residente temporal en Quintana Roo<\/strong>, aloj\u00e1ndose principalmente en esos dos municipios, adem\u00e1s de Cozumel y Tulum.<\/p>\n<div id=\"div-gpt-ad-inread-64d2e7de51bb7e0014f98027\" data-name=\"inread\" data-size=\"[[336,250], [300,250]]\" data-google-query-id=\"CKjxwfS40IADFYqMWgUdOXoKEg\">\n<p>Adem\u00e1s, en este estado, alrededor de 805 extranjeros han sido presentados ante las autoridades por irregularidad en su estancia en el pa\u00eds.<\/p>\n<p>Alicia Ram\u00edrez M\u00e9ndez, directora de Recursos para Trabajadores Migrantes en Canc\u00fan, -el primero est\u00e1 en\u00a0Tijuana, Baja\u00a0California- dijo que se decidi\u00f3 abrir un centro en Canc\u00fan,\u00a0<strong>debido al alto n\u00famero de migrantes que arriba a esta ciudad<\/strong>.<\/p>\n<blockquote><p><cite>\u201cEl centro de Canc\u00fan es el segundo en abrir en M\u00e9xico. Va a ser parte de un corredor de migrantes en Centroam\u00e9rica. El primero fue en Tijuana hace un a\u00f1o\u201d.<\/cite><\/p><\/blockquote>\n<p>Explic\u00f3 que la principal funci\u00f3n del centro es apoyar a las personas migrantes para que puedan\u00a0<strong>acceder a \u201cun trabajo decente y digno\u201d<\/strong>, por lo que se\u00a0<strong>les brindar\u00e1n asesor\u00edas en tr\u00e1mites<\/strong>\u00a0con diferentes dependencias, as\u00ed como en la vinculaci\u00f3n con instituciones que los ayudan a capacitarse de manera profesional.<\/p>\n<blockquote><p><cite>&#8220;Este centro no s\u00f3lo ser\u00e1 un espacio f\u00edsico, sino ser\u00e1 una puerta abierta hacia oportunidades para todos los migrantes, personas desplazadas y solicitantes de refugio, as\u00ed como para sus familias.<\/cite><\/p>\n<p><cite>Es un lugar donde se comprenden los retos que enfrentan, desde la adaptaci\u00f3n a las realidades culturales y geogr\u00e1ficas, adem\u00e1s de las barreras ling\u00fc\u00edsticas\u201d.<\/cite><\/p><\/blockquote>\n<p>El Centro de Recursos para Trabajadores Migrantes en Canc\u00fan,\u00a0<strong>se ubicar\u00e1 en la Supermanzana 2, sobre la avenida N\u00e1der<\/strong>.<\/p>\n<h2>\u00bfEn qu\u00e9 se ayudar\u00e1 a los migrantes en Canc\u00fan?<\/h2>\n<p>Asimismo, junto con los gobiernos estatal y municipal, ser\u00e1 auspiciado por la Organizaci\u00f3n Internacional del Trabajo y otras instancias como sindicatos.<\/p>\n<p>Por ello, a\u00f1adi\u00f3 que proporcionar\u00e1n apoyo integral con una gama de servicios como<\/p>\n<ul>\n<li>asesoramiento,<\/li>\n<li>tr\u00e1mites y programas de integraci\u00f3n social,<\/li>\n<li>orientaci\u00f3n laboral,<\/li>\n<li>conexiones y<\/li>\n<li>vinculaci\u00f3n con instituciones para la formaci\u00f3n profesional.<\/li>\n<\/ul>\n<p>Asimismo, dijo que al sector empresarial tambi\u00e9n asesorar\u00e1 en los tr\u00e1mites y procesos para poder\u00a0<strong>contratar a las personas trabajadoras migrantes<\/strong>. Incluso, se trabajar\u00e1 de cerca con dependencias de los gobiernos tanto estatales como municipales para este fin.<\/p>\n<p>Muestra de ello, dijo, es que en Quintana Roo est\u00e1n disponibles para este sector m\u00e1s de 180 mil vacantes de Tulum a Canc\u00fan del Servicio Estatal del Empleo.<\/p>\n<div class=\"google-auto-placed ap_container\">\n<p>Por su parte, Miriam del Sol Merino Cuevas, fundadora del Centro de Recursos para Trabajadores Migrantes, dijo que el objetivo de estos centros es evitar que estos caigan en las redes del crimen organizado.<\/p>\n<p>Indic\u00f3 que tanto Baja California como Quintana Roo\u00a0<strong>tienen empleos que pueden ser ocupados por los migrantes<\/strong>, quienes muchas veces son deportados de Estados Unidos y se quedan en nuestro pa\u00eds.<\/p>\n<\/div>\n<\/div>\n<\/div>\n<\/div>\n","protected":false},"excerpt":{"rendered":"<p>Debido a la ola de inmigraci\u00f3n que llega por Quintana Roo, Canc\u00fan tendr\u00e1 el segundo&#8230;<\/p>\n","protected":false},"author":1,"featured_media":15802,"comment_status":"open","ping_status":"closed","sticky":false,"template":"","format":"standard","meta":{"footnotes":""},"categories":[27],"tags":[],"class_list":["post-15800","post","type-post","status-publish","format-standard","has-post-thumbnail","hentry","category-local"],"_links":{"self":[{"href":"https:\/\/chaneltodaycancun.com\/index.php\/wp-json\/wp\/v2\/posts\/15800","targetHints":{"allow":["GET"]}}],"collection":[{"href":"https:\/\/chaneltodaycancun.com\/index.php\/wp-json\/wp\/v2\/posts"}],"about":[{"href":"https:\/\/chaneltodaycancun.com\/index.php\/wp-json\/wp\/v2\/types\/post"}],"author":[{"embeddable":true,"href":"https:\/\/chaneltodaycancun.com\/index.php\/wp-json\/wp\/v2\/users\/1"}],"replies":[{"embeddable":true,"href":"https:\/\/chaneltodaycancun.com\/index.php\/wp-json\/wp\/v2\/comments?post=15800"}],"version-history":[{"count":1,"href":"https:\/\/chaneltodaycancun.com\/index.php\/wp-json\/wp\/v2\/posts\/15800\/revisions"}],"predecessor-version":[{"id":15801,"href":"https:\/\/chaneltodaycancun.com\/index.php\/wp-json\/wp\/v2\/posts\/15800\/revisions\/15801"}],"wp:featuredmedia":[{"embeddable":true,"href":"https:\/\/chaneltodaycancun.com\/index.php\/wp-json\/wp\/v2\/media\/15802"}],"wp:attachment":[{"href":"https:\/\/chaneltodaycancun.com\/index.php\/wp-json\/wp\/v2\/media?parent=15800"}],"wp:term":[{"taxonomy":"category","embeddable":true,"href":"https:\/\/chaneltodaycancun.com\/index.php\/wp-json\/wp\/v2\/categories?post=15800"},{"taxonomy":"post_tag","embeddable":true,"href":"https:\/\/chaneltodaycancun.com\/index.php\/wp-json\/wp\/v2\/tags?post=15800"}],"curies":[{"name":"wp","href":"https:\/\/api.w.org\/{rel}","templated":true}]}}