{"id":15803,"date":"2023-08-09T15:48:13","date_gmt":"2023-08-09T20:48:13","guid":{"rendered":"https:\/\/chaneltodaycancun.com\/?p=15803"},"modified":"2023-08-09T20:48:14","modified_gmt":"2023-08-09T20:48:14","slug":"cancun-afronta-en-semanas-un-agudo-descenso-de-ocupacion","status":"publish","type":"post","link":"https:\/\/chaneltodaycancun.com\/index.php\/2023\/08\/09\/cancun-afronta-en-semanas-un-agudo-descenso-de-ocupacion\/","title":{"rendered":"Canc\u00fan afronta en semanas un agudo descenso de ocupaci\u00f3n"},"content":{"rendered":"<p>Durante las vacaciones de verano que concluir\u00e1n el 27 de agosto, Quintana Roo recibir\u00e1 m\u00e1s de 1.8 millones de turistas, quienes dejar\u00e1n una derrama econ\u00f3mica aproximada de 1.700 millones de d\u00f3lares, como revel\u00f3<em>\u00a0(<\/em>QRoo: a\u00f1o r\u00e9cord de turistas este verano con 4.4% m\u00e1s que en 2022).<\/p>\n<p>En este contexto, Canc\u00fan lidera la visita de turistas, pero hoteleros se\u00f1alan que en la temporada baja a partir de septiembre la ocupaci\u00f3n se reducir\u00e1 al 60%<\/p>\n<p>Jes\u00fas Almaguer Salazar, presidente de la Asociaci\u00f3n de Hoteles de Canc\u00fan, Puerto Morelos e Isla Mujeres, detall\u00f3 que luego de la temporada de verano comenzar\u00e1n algunos meses con la temporada baja con una ca\u00edda de mercados de Estados Unidos, Colombia y a\u00fan de Brasil, que adem\u00e1s suma la percepci\u00f3n del tema de inseguridad principalmente por los ataques de los taxistas.<\/p>\n<p>\u201cSi tendremos una temporada baja que debemos atender porque las proyecciones no son positivas, sobre todo atender el tema de la seguridad a causa de los taxistas ya que si hemos tenido afectaciones debi\u00f3 a la situaci\u00f3n de las agresiones que se han venido reportando\u201d, dijo a Sipse.<\/p>\n<p>Se prev\u00e9 una baja significativa a partir de la \u00faltima semana de agosto y record\u00f3 que hay una ca\u00edda de Estados Unidos que sigue en 13%, y lo que ahora mantiene el repunte de visitantes es de M\u00e9xico, que representa hasta 36%, que es el principal mercado.<\/p>\n","protected":false},"excerpt":{"rendered":"<p>Durante las vacaciones de verano que concluir\u00e1n el 27 de agosto, Quintana Roo recibir\u00e1 m\u00e1s&#8230;<\/p>\n","protected":false},"author":1,"featured_media":15805,"comment_status":"open","ping_status":"closed","sticky":false,"template":"","format":"standard","meta":{"footnotes":""},"categories":[27],"tags":[],"class_list":["post-15803","post","type-post","status-publish","format-standard","has-post-thumbnail","hentry","category-local"],"_links":{"self":[{"href":"https:\/\/chaneltodaycancun.com\/index.php\/wp-json\/wp\/v2\/posts\/15803","targetHints":{"allow":["GET"]}}],"collection":[{"href":"https:\/\/chaneltodaycancun.com\/index.php\/wp-json\/wp\/v2\/posts"}],"about":[{"href":"https:\/\/chaneltodaycancun.com\/index.php\/wp-json\/wp\/v2\/types\/post"}],"author":[{"embeddable":true,"href":"https:\/\/chaneltodaycancun.com\/index.php\/wp-json\/wp\/v2\/users\/1"}],"replies":[{"embeddable":true,"href":"https:\/\/chaneltodaycancun.com\/index.php\/wp-json\/wp\/v2\/comments?post=15803"}],"version-history":[{"count":1,"href":"https:\/\/chaneltodaycancun.com\/index.php\/wp-json\/wp\/v2\/posts\/15803\/revisions"}],"predecessor-version":[{"id":15804,"href":"https:\/\/chaneltodaycancun.com\/index.php\/wp-json\/wp\/v2\/posts\/15803\/revisions\/15804"}],"wp:featuredmedia":[{"embeddable":true,"href":"https:\/\/chaneltodaycancun.com\/index.php\/wp-json\/wp\/v2\/media\/15805"}],"wp:attachment":[{"href":"https:\/\/chaneltodaycancun.com\/index.php\/wp-json\/wp\/v2\/media?parent=15803"}],"wp:term":[{"taxonomy":"category","embeddable":true,"href":"https:\/\/chaneltodaycancun.com\/index.php\/wp-json\/wp\/v2\/categories?post=15803"},{"taxonomy":"post_tag","embeddable":true,"href":"https:\/\/chaneltodaycancun.com\/index.php\/wp-json\/wp\/v2\/tags?post=15803"}],"curies":[{"name":"wp","href":"https:\/\/api.w.org\/{rel}","templated":true}]}}