{"id":15830,"date":"2023-08-10T16:22:12","date_gmt":"2023-08-10T21:22:12","guid":{"rendered":"https:\/\/chaneltodaycancun.com\/?p=15830"},"modified":"2023-08-10T21:22:14","modified_gmt":"2023-08-10T21:22:14","slug":"cancun-sede-de-la-feria-nacional-de-empleo-2023-para-la-inclusion-laboral-de-la-juventud","status":"publish","type":"post","link":"https:\/\/chaneltodaycancun.com\/index.php\/2023\/08\/10\/cancun-sede-de-la-feria-nacional-de-empleo-2023-para-la-inclusion-laboral-de-la-juventud\/","title":{"rendered":"CANC\u00daN, SEDE DE LA FERIA NACIONAL DE EMPLEO 2023 PARA LA INCLUSI\u00d3N LABORAL DE LA JUVENTUD"},"content":{"rendered":"<p>La Presidenta Municipal de Benito Ju\u00e1rez, Ana Paty Peralta, en calidad de autoridad anfitriona en Canc\u00fan, particip\u00f3 en la inauguraci\u00f3n de la \u201cFeria Nacional de Empleo 2023 para la Inclusi\u00f3n Laboral de la Juventud\u201d, que encabezaron el secretario del Trabajo y Previsi\u00f3n Social del Gobierno de M\u00e9xico, Marath Baruch Bola\u00f1os L\u00f3pez, y la gobernadora Mara Lezama en las instalaciones de la Universidad Tecnol\u00f3gica de Canc\u00fan, donde se ofrecieron alrededor de cinco mil vacantes.<\/p>\n<p>&nbsp;<\/p>\n<p>\u201cEs un orgullo que nuestra querida ciudad, Canc\u00fan, sea la sede de este evento tan importante, trayendo oportunidades para miles de j\u00f3venes de la regi\u00f3n; estoy segura que esta Feria Nacional de Empleo marcar\u00e1 la diferencia para miles de familias, estas vacantes transformar\u00e1n la vida de muchos j\u00f3venes que podr\u00e1n iniciar una carrera laboral y aprovechar esta ola de transformaci\u00f3n de nuestra ciudad y de nuestro estado, con las obras hist\u00f3ricas que se est\u00e1n realizando\u201d, destac\u00f3 la Primera Autoridad Municipal luego de saludar a j\u00f3venes, docentes, padres de familia y representantes de otros estados que se encontraban en la prestigiada casa de estudios.<\/p>\n<p>&nbsp;<\/p>\n<p>Por su parte, la gobernadora Mara Lezama, destac\u00f3 que nunca antes se hab\u00eda pensado en las y los j\u00f3venes, por eso la importancia de este tipo de actividades, para gobernar de manera diferente, cambiar, trabajar en territorio. \u201cPara m\u00ed, es sumamente importante escucharles, vengo a decirles que aprovechen esta feria, hagan lo que les haga felices. Este no es un tema de discurso, que de verdad existan las oportunidades reales para los j\u00f3venes\u201d, indic\u00f3.<\/p>\n<p>&nbsp;<\/p>\n<p>En ese mismo sentido, el secretario del Trabajo y Previsi\u00f3n Social del Gobierno de M\u00e9xico, Marath Baruch Bola\u00f1os L\u00f3pez, dijo que la realizaci\u00f3n de esta feria refrenda el compromiso que va de la mano del gobierno del Presidente Andr\u00e9s Manuel L\u00f3pez Obrador y del Gobierno de Quintana Roo en la promoci\u00f3n y apoyo de oportunidades para todos los j\u00f3venes en el pa\u00eds y particularmente para los quintanarroenses.<\/p>\n<p>&nbsp;<\/p>\n<p>\u201cA trav\u00e9s de esta Feria Nacional de Empleo 2023 para la Inclusi\u00f3n Laboral de la Juventud, permite refrendar a nosotros como Gobierno, como naci\u00f3n el compromiso con nuestra juventud\u201d, destac\u00f3.<\/p>\n<p>&nbsp;<\/p>\n<p>Posteriormente a este evento y despu\u00e9s de dar un recorrido por los stands, las autoridades pasaron al Sal\u00f3n Audiovisual de la UT Canc\u00fan, donde la Presidenta Municipal, Ana Paty Peralta, atestigu\u00f3 la Firma de la Carta Intenci\u00f3n Contra el Trabajo Infantil, Trabajo Forzoso, Trata de Personas y Explotaci\u00f3n Sexual a trav\u00e9s del Proyecto \u201cACCIONNAR\u201d entre la Organizaci\u00f3n Internacional del Trabajo \u201cOIT\u201d y el Gobierno de Quintana Roo.<\/p>\n<p>&nbsp;<\/p>\n<p>Los representantes de la Oficina de la OIT para M\u00e9xico y Cuba, Pedro Am\u00e9rico Furtado de Oliveira; la gobernadora, Mara Lezama; el secretario del Trabajo y Previsi\u00f3n Social del Gobierno de M\u00e9xico, Marath Baruch Bola\u00f1os L\u00f3pez y la presidenta honoraria del Sistema DIF Quintana Roo, Ver\u00f3nica Lezama Espinosa, fueron las autoridades encargadas de signar el documento.<\/p>\n<p>&nbsp;<\/p>\n<p>************<\/p>\n<p><b><strong>COMPLEMENTOS INFORMATIVOS<\/strong><\/b><\/p>\n<p>&nbsp;<\/p>\n<p><b><strong>NUMERALIAS:<\/strong><\/b><\/p>\n<p>&nbsp;<\/p>\n<p>Feria Nacional de Empleo<\/p>\n<p>&nbsp;<\/p>\n<ul>\n<li>30 mil vacantes en todo el pa\u00eds<\/li>\n<li>67 eventos como este<\/li>\n<li>80 mil ofertas de empleo disponibles en el Portal del Empleo del Gobierno de M\u00e9xico<\/li>\n<li>35 mil j\u00f3venes esperan recepcionar para encontrar un trabajo<\/li>\n<li>3 mil 207 vacantes en el Estado de Quintana Roo en esta Feria Nacional del Empleo<\/li>\n<li>1687 de las oficinas de Campeche, Chiapas, Yucat\u00e1n y Tabasco<\/li>\n<li>167 oficinas del Servicio Nacional del Empleo en todos los estados del pa\u00eds<\/li>\n<li>22 millones de trabajos formalmente inscritos<\/li>\n<\/ul>\n<p>&nbsp;<\/p>\n<p><b><strong>HECHO:<\/strong><\/b><\/p>\n<p>&nbsp;<\/p>\n<p>A nivel internacional, el proyecto ACCIONNAR est\u00e1 alineado al Objetivo de Desarrollo Sostenible (ODS) para promover el crecimiento econ\u00f3mico inclusivo y sostenible, el empleo y el trabajo decente para todos. Particularmente el adoptar medidas inmediatas y eficaces para erradicar el trabajo forzoso, poner fin a las formas contempor\u00e1neas de esclavitud y la trata de personas y asegurar la prohibici\u00f3n y eliminaci\u00f3n de las peores formas de trabajo infantil, incluidos el reclutamiento y la utilizaci\u00f3n de ni\u00f1os soldados, y, de aqu\u00ed a 2025, poner fin al trabajo infantil en todas sus formas.<\/p>\n<p style=\"font-weight: 400;\">COMUNICADO:<a href=\"https:\/\/cancun.gob.mx\/uploads\/6\/32\/Comunicado%201924_Cancun,%20Sede%20De%20La%20Feria%20Nacional%20De%20Empleo%202023%20Para%20La%20Inclusion%20Laboral%20De%20La%20Juventud.docx\">https:\/\/cancun.gob.mx:443\/uploads\/6\/32\/Comunicado 1924_Cancun, Sede De La Feria Nacional De Empleo 2023 Para La Inclusion Laboral De La Juventud.docx<\/a><\/p>\n","protected":false},"excerpt":{"rendered":"<p>La Presidenta Municipal de Benito Ju\u00e1rez, Ana Paty Peralta, en calidad de autoridad anfitriona en&#8230;<\/p>\n","protected":false},"author":1,"featured_media":15832,"comment_status":"open","ping_status":"closed","sticky":false,"template":"","format":"standard","meta":{"footnotes":""},"categories":[27],"tags":[],"class_list":["post-15830","post","type-post","status-publish","format-standard","has-post-thumbnail","hentry","category-local"],"_links":{"self":[{"href":"https:\/\/chaneltodaycancun.com\/index.php\/wp-json\/wp\/v2\/posts\/15830","targetHints":{"allow":["GET"]}}],"collection":[{"href":"https:\/\/chaneltodaycancun.com\/index.php\/wp-json\/wp\/v2\/posts"}],"about":[{"href":"https:\/\/chaneltodaycancun.com\/index.php\/wp-json\/wp\/v2\/types\/post"}],"author":[{"embeddable":true,"href":"https:\/\/chaneltodaycancun.com\/index.php\/wp-json\/wp\/v2\/users\/1"}],"replies":[{"embeddable":true,"href":"https:\/\/chaneltodaycancun.com\/index.php\/wp-json\/wp\/v2\/comments?post=15830"}],"version-history":[{"count":1,"href":"https:\/\/chaneltodaycancun.com\/index.php\/wp-json\/wp\/v2\/posts\/15830\/revisions"}],"predecessor-version":[{"id":15831,"href":"https:\/\/chaneltodaycancun.com\/index.php\/wp-json\/wp\/v2\/posts\/15830\/revisions\/15831"}],"wp:featuredmedia":[{"embeddable":true,"href":"https:\/\/chaneltodaycancun.com\/index.php\/wp-json\/wp\/v2\/media\/15832"}],"wp:attachment":[{"href":"https:\/\/chaneltodaycancun.com\/index.php\/wp-json\/wp\/v2\/media?parent=15830"}],"wp:term":[{"taxonomy":"category","embeddable":true,"href":"https:\/\/chaneltodaycancun.com\/index.php\/wp-json\/wp\/v2\/categories?post=15830"},{"taxonomy":"post_tag","embeddable":true,"href":"https:\/\/chaneltodaycancun.com\/index.php\/wp-json\/wp\/v2\/tags?post=15830"}],"curies":[{"name":"wp","href":"https:\/\/api.w.org\/{rel}","templated":true}]}}