{"id":15860,"date":"2023-08-11T16:06:49","date_gmt":"2023-08-11T21:06:49","guid":{"rendered":"https:\/\/chaneltodaycancun.com\/?p=15860"},"modified":"2023-08-11T21:06:51","modified_gmt":"2023-08-11T21:06:51","slug":"llevaran-a-cabo-el-foro-cancun-interconectando-ciudades-inteligentes","status":"publish","type":"post","link":"https:\/\/chaneltodaycancun.com\/index.php\/2023\/08\/11\/llevaran-a-cabo-el-foro-cancun-interconectando-ciudades-inteligentes\/","title":{"rendered":"Llevar\u00e1n a cabo el foro \u201cCanc\u00fan Interconectando Ciudades Inteligentes\u201d"},"content":{"rendered":"<p class=\"ql-align-justify\">Con la finalidad de consolidar las alianzas del Ayuntamiento de Benito Ju\u00e1rez con la Secretar\u00eda de Relaciones de Exteriores y ONU-H\u00e1bitat para lograr los objetivos de la Agenda 2030 y la Nueva Agenda Urbana, se llevar\u00e1 a cabo, el foro y laboratorio urbano Canc\u00fan Interconectando Ciudades Inteligentes, que se realizar\u00e1 el 17 y 18 de agosto en la Universidad del Caribe, por lo que el objetivo es capacitar en materia de pol\u00edticas p\u00fablicas para la modernizaci\u00f3n de Canc\u00fan, con miras a convertirse en una de las Ciudades Inteligentes, tras las grandes obras que se presentan en la ciudad, as\u00ed lo inform\u00f3 Isaak Zepeda, Coordinador Internacional General Urbano de la Secretar\u00eda de Relaciones Exteriores.<\/p>\n<p class=\"ql-align-justify\">Consultado sobre si Canc\u00fan, cuenta con todas las herramientas para convertirse en una ciudad Inteligente, el Coordinador Internacional, coment\u00f3 lo siguiente.<\/p>\n<p class=\"ql-align-justify\">El programa de actividades contempla varios paneles: Integraci\u00f3n de la movilidad urbana inteligente; Fortalecimiento de la seguridad urbana a trav\u00e9s de la colaboraci\u00f3n ciudadana; Infraestructura educativa para la reducci\u00f3n de la brecha digital; Detecci\u00f3n y gesti\u00f3n de asentamientos irregulares; adem\u00e1s de talleres, laboratorios, espacio de networking y el Hackaton.<\/p>\n","protected":false},"excerpt":{"rendered":"<p>Con la finalidad de consolidar las alianzas del Ayuntamiento de Benito Ju\u00e1rez con la Secretar\u00eda&#8230;<\/p>\n","protected":false},"author":1,"featured_media":15862,"comment_status":"open","ping_status":"closed","sticky":false,"template":"","format":"standard","meta":{"footnotes":""},"categories":[27],"tags":[],"class_list":["post-15860","post","type-post","status-publish","format-standard","has-post-thumbnail","hentry","category-local"],"_links":{"self":[{"href":"https:\/\/chaneltodaycancun.com\/index.php\/wp-json\/wp\/v2\/posts\/15860","targetHints":{"allow":["GET"]}}],"collection":[{"href":"https:\/\/chaneltodaycancun.com\/index.php\/wp-json\/wp\/v2\/posts"}],"about":[{"href":"https:\/\/chaneltodaycancun.com\/index.php\/wp-json\/wp\/v2\/types\/post"}],"author":[{"embeddable":true,"href":"https:\/\/chaneltodaycancun.com\/index.php\/wp-json\/wp\/v2\/users\/1"}],"replies":[{"embeddable":true,"href":"https:\/\/chaneltodaycancun.com\/index.php\/wp-json\/wp\/v2\/comments?post=15860"}],"version-history":[{"count":1,"href":"https:\/\/chaneltodaycancun.com\/index.php\/wp-json\/wp\/v2\/posts\/15860\/revisions"}],"predecessor-version":[{"id":15861,"href":"https:\/\/chaneltodaycancun.com\/index.php\/wp-json\/wp\/v2\/posts\/15860\/revisions\/15861"}],"wp:featuredmedia":[{"embeddable":true,"href":"https:\/\/chaneltodaycancun.com\/index.php\/wp-json\/wp\/v2\/media\/15862"}],"wp:attachment":[{"href":"https:\/\/chaneltodaycancun.com\/index.php\/wp-json\/wp\/v2\/media?parent=15860"}],"wp:term":[{"taxonomy":"category","embeddable":true,"href":"https:\/\/chaneltodaycancun.com\/index.php\/wp-json\/wp\/v2\/categories?post=15860"},{"taxonomy":"post_tag","embeddable":true,"href":"https:\/\/chaneltodaycancun.com\/index.php\/wp-json\/wp\/v2\/tags?post=15860"}],"curies":[{"name":"wp","href":"https:\/\/api.w.org\/{rel}","templated":true}]}}