{"id":2565,"date":"2021-03-18T18:40:31","date_gmt":"2021-03-18T18:40:31","guid":{"rendered":"https:\/\/whatsappcancun.com\/?p=2565"},"modified":"2021-03-18T18:40:31","modified_gmt":"2021-03-18T18:40:31","slug":"fallece-mujer-de-hemorragia-despues-de-recibir-la-vacuna-astrazeneca","status":"publish","type":"post","link":"https:\/\/chaneltodaycancun.com\/index.php\/2021\/03\/18\/fallece-mujer-de-hemorragia-despues-de-recibir-la-vacuna-astrazeneca\/","title":{"rendered":"Fallece mujer de hemorragia despu\u00e9s de recibir la vacuna AstraZeneca"},"content":{"rendered":"<p><strong>ESPA\u00d1A.-<\/strong>\u00a0Despu\u00e9s de que el pasado lunes el Ministerio de Sanidad\u00a0decidiera\u00a0<strong>suspender la vacunaci\u00f3n con las dosis de la\u00a0vacuna de AstraZeneca.\u00a0<\/strong>Se trata de una profesora, que diez d\u00edas despu\u00e9s de haber recibido la\u00a0vacuna, ha perdido la vida por una\u00a0<strong>hemorragia cerebral masiva<\/strong>. A pesar de que fue al hospital con fuertes dolores de cabeza y de que se le realiz\u00f3 una cirug\u00eda para drenar la sangre, el equipo m\u00e9dico que realizaba la intervenci\u00f3n descubri\u00f3 que adem\u00e1s la mujer sufr\u00eda un\u00a0<strong>edema cerebral<\/strong>. Finalmente no pudieron salvar su vida.<\/p>\n<p>&nbsp;<\/p>\n<p>La mujer era\u00a0<strong>profesora de un instituto de Marbella<\/strong>, donde daba clases de matem\u00e1ticas.\u00a0<strong>Ten\u00eda dos hijos<\/strong>, de dos y ocho a\u00f1os. En el centro donde impart\u00eda la docencia afirman que est\u00e1n en estado de\u00a0<em>shock<\/em>, que a\u00fan no pueden asimilar la noticia de la p\u00e9rdida. Adem\u00e1s, la mujer\u00a0<strong>no ten\u00eda patolog\u00edas previas<\/strong>, y la autopsia ha descartado que tuviera\u00a0coronavirus. Lo que no se ha determinado a\u00fan es si la causa de la muerte tiene relaci\u00f3n con la dosis de la\u00a0<strong>vacuna de AstraZeneca\u00a0<\/strong>que se le administr\u00f3.<\/p>\n<div id=\"horas-2bfb903fa923c9c254f32699e095f699\" class=\"horas-2bfb903fa923c9c254f32699e095f699 horas-content\"><\/div>\n<p>Pero\u00a0<strong>ha habido otros casos<\/strong>\u00a0de personas que han tenido patolog\u00edas despu\u00e9s de recibir la dosis de la vacuna de AstraZeneca en nuestro pa\u00eds. El primer caso se dio a conocer el pasado lunes, pero hoy ya se conocen m\u00e1s casos. Al menos\u00a0<strong>cinco agentes de las Fuerzas de Seguridad del Estado<\/strong>\u00a0han sido ingresados por trombos despu\u00e9s de haber recibido la vacuna.<\/p>\n<p>Un polic\u00eda de\u00a0Valencia\u00a0ha sido ingresado por\u00a0un\u00a0<strong>tromboembolismo pulmonar<\/strong>, despu\u00e9s de recibir la dosis y acudir al hospital por su propio pie por un dolor en la pierna. Despu\u00e9s de ser tratado y volver a su domicilio, regres\u00f3 al hospital y fue ingresado debido al empeoramiento de la situaci\u00f3n. Otro agente de 45 a\u00f1os, que tambi\u00e9n trabaja en Valencia, fue encontrado en su casa\u00a0<strong>inconsciente<\/strong>. Se encuentra ingresado en un hospital, despu\u00e9s de haber sido trasladado de urgencia.<\/p>\n<p>Tambi\u00e9n un\u00a0<strong>Guardia Civil<\/strong>, un\u00a0<strong>agente de Baleares<\/strong>\u00a0y un\u00a0<strong>Ertzaintza\u00a0<\/strong>han sido ingresados por casos similares. Se desconoce si existe una relaci\u00f3n entre la vacuna de AstraZeneca y estos casos de trombos.<\/p>\n","protected":false},"excerpt":{"rendered":"<p>ESPA\u00d1A.-\u00a0Despu\u00e9s de que el pasado lunes el Ministerio de Sanidad\u00a0decidiera\u00a0suspender la vacunaci\u00f3n con las dosis&#8230;<\/p>\n","protected":false},"author":1,"featured_media":2566,"comment_status":"open","ping_status":"open","sticky":false,"template":"","format":"standard","meta":{"footnotes":""},"categories":[36],"tags":[],"class_list":["post-2565","post","type-post","status-publish","format-standard","has-post-thumbnail","hentry","category-internacional"],"_links":{"self":[{"href":"https:\/\/chaneltodaycancun.com\/index.php\/wp-json\/wp\/v2\/posts\/2565","targetHints":{"allow":["GET"]}}],"collection":[{"href":"https:\/\/chaneltodaycancun.com\/index.php\/wp-json\/wp\/v2\/posts"}],"about":[{"href":"https:\/\/chaneltodaycancun.com\/index.php\/wp-json\/wp\/v2\/types\/post"}],"author":[{"embeddable":true,"href":"https:\/\/chaneltodaycancun.com\/index.php\/wp-json\/wp\/v2\/users\/1"}],"replies":[{"embeddable":true,"href":"https:\/\/chaneltodaycancun.com\/index.php\/wp-json\/wp\/v2\/comments?post=2565"}],"version-history":[{"count":0,"href":"https:\/\/chaneltodaycancun.com\/index.php\/wp-json\/wp\/v2\/posts\/2565\/revisions"}],"wp:featuredmedia":[{"embeddable":true,"href":"https:\/\/chaneltodaycancun.com\/index.php\/wp-json\/wp\/v2\/media\/2566"}],"wp:attachment":[{"href":"https:\/\/chaneltodaycancun.com\/index.php\/wp-json\/wp\/v2\/media?parent=2565"}],"wp:term":[{"taxonomy":"category","embeddable":true,"href":"https:\/\/chaneltodaycancun.com\/index.php\/wp-json\/wp\/v2\/categories?post=2565"},{"taxonomy":"post_tag","embeddable":true,"href":"https:\/\/chaneltodaycancun.com\/index.php\/wp-json\/wp\/v2\/tags?post=2565"}],"curies":[{"name":"wp","href":"https:\/\/api.w.org\/{rel}","templated":true}]}}