{"id":2734,"date":"2021-04-11T12:56:58","date_gmt":"2021-04-11T12:56:58","guid":{"rendered":"https:\/\/whatsappcancun.com\/?p=2734"},"modified":"2021-04-11T12:56:58","modified_gmt":"2021-04-11T12:56:58","slug":"la-familia-guzman-pinal-desea-que-frida-consiga-ayuda-para-mejorar-su-salud-mental","status":"publish","type":"post","link":"https:\/\/chaneltodaycancun.com\/index.php\/2021\/04\/11\/la-familia-guzman-pinal-desea-que-frida-consiga-ayuda-para-mejorar-su-salud-mental\/","title":{"rendered":"LA FAMILIA GUZM\u00c1N PINAL DESEA QUE FRIDA CONSIGA AYUDA PARA MEJORAR SU SALUD MENTAL"},"content":{"rendered":"<h2>A trav\u00e9s de un comunicado, Alejandra Guzm\u00e1n y la familia fij\u00f3 su postura tras las declaraciones de Frida sobre el supuesto abuso de Enrique Guzm\u00e1n<\/h2>\n<p>La<strong>\u00a0<a href=\"https:\/\/www.eluniversal.com.mx\/tag\/familia-pinal\" target=\"_blank\" rel=\"noreferrer noopener\">familia Guzm\u00e1n Pinal\u00a0<\/a><\/strong>desea que\u00a0<a href=\"https:\/\/www.eluniversal.com.mx\/tag\/frida-sofia\" target=\"_blank\" rel=\"noreferrer noopener\"><strong>Frida Sof\u00eda<\/strong><\/a>\u00a0consiga ayuda para mejorar su\u00a0<strong>salud mental<\/strong>, as\u00ed lo dieron a conocer en un comunicado en el que externan su postura sobre las declaraciones que recientemente dio la hija de<a href=\"https:\/\/www.eluniversal.com.mx\/tag\/alejandra-guzman\" target=\"_blank\" rel=\"noreferrer noopener\"><strong>\u00a0Alejandra Guzm\u00e1n<\/strong><\/a>, en la que asegura que su abuelo\u00a0<a href=\"https:\/\/www.eluniversal.com.mx\/tag\/enrique-guzman\" target=\"_blank\" rel=\"noreferrer noopener\"><strong>Enrique Guzm\u00e1n<\/strong><\/a>\u00a0la\u00a0<a href=\"https:\/\/www.eluniversal.com.mx\/espectaculos\/frida-sofia-dice-que-enrique-guzman-abuso-de-ella\" target=\"_blank\" rel=\"noreferrer noopener\">toquete\u00f3 cuando era ni\u00f1a.\u00a0<\/a><\/p>\n<p>En dicho comunicado, Alejandra Guzm\u00e1n y la familia enfatiza que le han hecho saber a Frida que la aman y que est\u00e1n abiertos a aclarar las cosas y a que se d\u00e9 una reconciliaci\u00f3n, siempre y cuando esto se d\u00e9 de manera privada.<\/p>\n<blockquote class=\"wp-block-quote\"><p>\u201cHemos optado por no responder a trav\u00e9s de los medios de comunicaci\u00f3n, sino haci\u00e9ndole saber a Frida que la amamos, que esperamos que consiga la ayuda para mejorar su salud mental que tan claramente requiere y que estamos aqu\u00ed con los brazos abiertos, siempre que cualquier intenci\u00f3n de aclarar y reconciliar se haga en privado y sin intenci\u00f3n de exponerlo en los medios\u201d, se lee.<\/p><\/blockquote>\n<p>Finalmente, la familia enfatiz\u00f3 que no desea ser part\u00edcipe de la \u201cola de chismes\u201d que se gener\u00f3 tras lo dicho por Frida, por ende, la entrevista que Enrique Guzm\u00e1n y Luis Enrique le dieron a \u201cVentaneando\u201d, ser\u00e1 la \u00fanica aparici\u00f3n medi\u00e1tica para hablar de dicho asunto.<\/p>\n<div class=\"wp-block-image\">\n<figure class=\"aligncenter size-large\"><img loading=\"lazy\" decoding=\"async\" class=\"wp-image-253005\" src=\"https:\/\/quequi.com.mx\/wp-content\/uploads\/2021\/04\/EykSjW8XIAEeuAR.jpg\" sizes=\"auto, (max-width: 618px) 100vw, 618px\" srcset=\"https:\/\/quequi.com.mx\/wp-content\/uploads\/2021\/04\/EykSjW8XIAEeuAR.jpg 618w, https:\/\/quequi.com.mx\/wp-content\/uploads\/2021\/04\/EykSjW8XIAEeuAR-273x300.jpg 273w\" alt=\"\" width=\"618\" height=\"680\" \/><\/figure>\n<\/div>\n<p>&nbsp;<\/p>\n<p>\u201cNo queremos participar en esta ola de chismes que se deben a que \u2018periodistas preocupados\u2019 se aprovechen de la lamentable situaci\u00f3n de Frida\u201d.<\/p>\n<h2>Las pol\u00e9micas declaraciones de Frida<\/h2>\n<p>Frida Sof\u00eda, la hija de la cantante Alejandra Guzm\u00e1n, acus\u00f3 a su abuelo Enrique Guzm\u00e1n de haberla tocado durante su infancia, algo que el tambi\u00e9n cantante y actor mexicano rechaz\u00f3 casi de inmediato.<\/p>\n<p>En una entrevista televisiva transmitida el jueves, Frida Sof\u00eda dijo que los abusos incluyeron tocamientos y que comenzaron a temprana edad.<\/p>\n<p>\u201cMe manose\u00f3 \u2026 desde los 5 (a\u00f1os)\u201d, afirm\u00f3 Frida Sof\u00eda tratando de contener las l\u00e1grimas.<\/p>\n<p>Frida Sof\u00eda no dijo si hab\u00eda interpuesto una demanda ni si planeaba hacerlo.<\/p>\n<p>La hija de 29 a\u00f1os de la estrella pop-rock<strong>\u00a0Alejandra Guzm\u00e1n<\/strong>\u00a0y el empresario\u00a0<strong>Pablo Moctezuma<\/strong>\u00a0tambi\u00e9n es cantante y ha trabajado como modelo.<\/p>\n<p>\u201cSiempre fue muy abusivo\u201d, dijo Frida Sof\u00eda. \u201cMe pongo a temblar porque tengo mucho que decir de eso. Fue un hombre muy asqueroso\u2026 Siempre me daba miedo. Me hizo cosas feas\u201d, continu\u00f3.<\/p>\n<p>Agreg\u00f3 que \u201ccuando est\u00e1s tan chiquita y te dicen que esto es lo que un abuelito le hace a su nieta que la quiere, a esa edad no tienes ni idea, no tienes consciencia, se vuelve algo normal\u201d.<\/p>\n<p>En su cuenta de Twitter, Enrique Guzm\u00e1n respondi\u00f3: \u201cMe preocupa mucho la inestabilidad a mental de @fridasofia y lo est\u00fapido de @gustavoadolfo un hombre que me conoce perfectamente\u201d.<\/p>\n<p>En una cadena de tuits, tambi\u00e9n dijo que \u201clo que Frida necesita es una ayuda siqui\u00e1trica y ojal\u00e1 la encuentre. YO SOY UN CABALLERO\u201d, y us\u00f3 el hashtag #fridamiente.<\/p>\n<p>Ayer por la tarde, en el programa de Azteca, conducido por Pati Chapoy, Guzm\u00e1n neg\u00f3 dichas acusaciones y lament\u00f3 la situaci\u00f3n que su nieta, a quien no ve desde hace tiempo.\u00a0Hace un a\u00f1o, Guzm\u00e1n explot\u00f3 contra Frida\u00a0y la cuestion\u00f3: \u201c\u00bfpor qu\u00e9 no habla de su padre, no tendr\u00e1 algo que inventar ah\u00ed?\u201d.<\/p>\n<p>Ante estas palabras de su abuelo, Frida respondi\u00f3 con una foto de cuando ella era una ni\u00f1a y la sosten\u00eda entre sus brazos Enrique Guzm\u00e1n.<\/p>\n<p>\u201cAqu\u00ed el se\u00f1or Guzman con \u2018la pendeja\u2019 de su nieta\u2026\u00a0 #quelindafamilia\u00a0#hablolaverdad\u00a0#nomecallom\u00e1s\u201d, escribi\u00f3 junto a la instant\u00e1nea en la que ella sostiene con la boca un cigarro<\/p>\n<figure class=\"wp-block-image\"><img decoding=\"async\" src=\"https:\/\/www.eluniversal.com.mx\/sites\/default\/files\/u144\/enrique_guzman_frida_sofia_0.jpg\" alt=\"enrique_guzman_frida_sofia_0.jpg\" \/><\/figure>\n<p>Guzm\u00e1n, de 78 a\u00f1os, es un \u00eddolo del rock and roll mexicano, comenz\u00f3 su carrera a los 14 a\u00f1os con\u00a0<strong>Los Teen Tops\u00a0<\/strong>y protagoniz\u00f3 pel\u00edculas como \u201cMi vida es una canci\u00f3n\u201d, \u201cEspecialista en chamacas\u201d y \u201cFiebre de juventud\u201d.<\/p>\n<p>En 1967 se cas\u00f3 con la actriz\u00a0<strong>Silvia Pinal<\/strong>, con quien tuvo a Alejandra Guzm\u00e1n y Luis Enrique Guzm\u00e1n antes de divorciarse en 1976.<\/p>\n","protected":false},"excerpt":{"rendered":"<p>A trav\u00e9s de un comunicado, Alejandra Guzm\u00e1n y la familia fij\u00f3 su postura tras las&#8230;<\/p>\n","protected":false},"author":1,"featured_media":2735,"comment_status":"open","ping_status":"open","sticky":false,"template":"","format":"standard","meta":{"footnotes":""},"categories":[34],"tags":[],"class_list":["post-2734","post","type-post","status-publish","format-standard","has-post-thumbnail","hentry","category-espectaculos"],"_links":{"self":[{"href":"https:\/\/chaneltodaycancun.com\/index.php\/wp-json\/wp\/v2\/posts\/2734","targetHints":{"allow":["GET"]}}],"collection":[{"href":"https:\/\/chaneltodaycancun.com\/index.php\/wp-json\/wp\/v2\/posts"}],"about":[{"href":"https:\/\/chaneltodaycancun.com\/index.php\/wp-json\/wp\/v2\/types\/post"}],"author":[{"embeddable":true,"href":"https:\/\/chaneltodaycancun.com\/index.php\/wp-json\/wp\/v2\/users\/1"}],"replies":[{"embeddable":true,"href":"https:\/\/chaneltodaycancun.com\/index.php\/wp-json\/wp\/v2\/comments?post=2734"}],"version-history":[{"count":0,"href":"https:\/\/chaneltodaycancun.com\/index.php\/wp-json\/wp\/v2\/posts\/2734\/revisions"}],"wp:featuredmedia":[{"embeddable":true,"href":"https:\/\/chaneltodaycancun.com\/index.php\/wp-json\/wp\/v2\/media\/2735"}],"wp:attachment":[{"href":"https:\/\/chaneltodaycancun.com\/index.php\/wp-json\/wp\/v2\/media?parent=2734"}],"wp:term":[{"taxonomy":"category","embeddable":true,"href":"https:\/\/chaneltodaycancun.com\/index.php\/wp-json\/wp\/v2\/categories?post=2734"},{"taxonomy":"post_tag","embeddable":true,"href":"https:\/\/chaneltodaycancun.com\/index.php\/wp-json\/wp\/v2\/tags?post=2734"}],"curies":[{"name":"wp","href":"https:\/\/api.w.org\/{rel}","templated":true}]}}