{"id":36186,"date":"2026-05-01T16:00:56","date_gmt":"2026-05-01T21:00:56","guid":{"rendered":"https:\/\/chaneltodaycancun.com\/?p=36186"},"modified":"2026-05-03T03:31:43","modified_gmt":"2026-05-03T03:31:43","slug":"ricardo-monreal-destaca-dialogo-y-productividad-legislativa-al-cierre-del-periodo-ordinario","status":"publish","type":"post","link":"https:\/\/chaneltodaycancun.com\/index.php\/2026\/05\/01\/ricardo-monreal-destaca-dialogo-y-productividad-legislativa-al-cierre-del-periodo-ordinario\/","title":{"rendered":"Ricardo Monreal destaca di\u00e1logo y productividad legislativa al cierre del periodo ordinario"},"content":{"rendered":"<p>\ud83d\udd38 El legislador subray\u00f3 avances en reformas clave y llam\u00f3 a fortalecer el respeto institucional entre fuerzas pol\u00edticas.<\/p>\n<p>#CDMX | El presidente de la Junta de Coordinaci\u00f3n Pol\u00edtica (Jucopo), el diputado Ricardo Monreal \u00c1vila, afirm\u00f3 que el di\u00e1logo es la base para construir acuerdos en el pa\u00eds, al tiempo que resalt\u00f3 que el equilibrio de poderes solo puede sostenerse mediante instituciones s\u00f3lidas y respeto entre quienes mantienen posturas distintas.<\/p>\n<p>Durante su mensaje en la sesi\u00f3n vespertina con motivo de la conclusi\u00f3n del Segundo A\u00f1o de Ejercicio de la LXVI Legislatura, el tambi\u00e9n coordinador del grupo parlamentario de Morena se\u00f1al\u00f3 que la unidad no implica uniformidad, sino la capacidad de convivir en la diferencia para avanzar hacia un M\u00e9xico m\u00e1s justo, incluyente y fuerte.<\/p>\n<p>Monreal \u00c1vila asegur\u00f3 que, pese a las tensiones y debates intensos registrados en el periodo, prevalecieron la cordura, el respeto institucional y el di\u00e1logo, elementos que \u2014dijo\u2014 reflejan el valor de la pol\u00edtica y de \u00f3rganos legislativos como la C\u00e1mara de Diputados.<\/p>\n<p>En cuanto al balance de actividades, detall\u00f3 que durante este periodo se realizaron 48 sesiones de pleno, con un acumulado de 150 horas de trabajo legislativo, y se dictaminaron 62 leyes con modificaciones y reformas de relevancia nacional. De estas, cuatro corresponden a reformas constitucionales, dos son leyes de nueva creaci\u00f3n y 56 implican cambios a diversos ordenamientos jur\u00eddicos.<\/p>\n<p>El legislador destac\u00f3 que estos resultados evidencian un Congreso activo y comprometido con el pa\u00eds, capaz de construir acuerdos m\u00e1s all\u00e1 de las diferencias pol\u00edticas. \u201cDialogar no es ceder, dialogar es construir\u201d, enfatiz\u00f3.<\/p>\n<p>Entre las reformas relevantes, mencion\u00f3 la modificaci\u00f3n al art\u00edculo 123 constitucional en materia de reducci\u00f3n de la jornada laboral, as\u00ed como cambios a los art\u00edculos 115, 116 y 134, orientados a fortalecer la vida institucional, la rendici\u00f3n de cuentas y el uso responsable de los recursos p\u00fablicos.<\/p>\n<p>Asimismo, subray\u00f3 la reforma al art\u00edculo 73 en materia de feminicidio, que permitir\u00e1 consolidar una legislaci\u00f3n federal para sancionar este delito, atendiendo una demanda hist\u00f3rica para garantizar justicia a las mujeres.<\/p>\n<p>Tambi\u00e9n destac\u00f3 la aprobaci\u00f3n de dos nuevas leyes: la Ley Federal de Cinematograf\u00eda y el Audiovisual, y la Ley para el Fomento de Inversi\u00f3n en Infraestructura Estrat\u00e9gica para el Desarrollo del Bienestar, enfocadas en fortalecer el marco jur\u00eddico del pa\u00eds.<\/p>\n<p>En la \u00faltima sesi\u00f3n del periodo, agreg\u00f3, se aprobaron 11 dict\u00e1menes relacionados con temas prioritarios como la protecci\u00f3n de ni\u00f1as y ni\u00f1os, el combate a delitos mediante inteligencia artificial, la inclusi\u00f3n de personas con discapacidad, el impulso al primer empleo, as\u00ed como reformas en materia educativa, laboral y de derechos humanos.<\/p>\n<p>Finalmente, Monreal \u00c1vila hizo un llamado a evitar injerencias externas y acusaciones con fines pol\u00edticos, al tiempo que pidi\u00f3 respetar los procesos legales en curso y mantener un debate responsable. Asimismo, reconoci\u00f3 el trabajo legislativo realizado y expres\u00f3 su respaldo a la presidenta de M\u00e9xico, Claudia Sheinbaum, por su conducci\u00f3n frente a los retos nacionales.<\/p>\n","protected":false},"excerpt":{"rendered":"<p>\ud83d\udd38 El legislador subray\u00f3 avances en reformas clave y llam\u00f3 a fortalecer el respeto institucional&#8230;<\/p>\n","protected":false},"author":1,"featured_media":36188,"comment_status":"open","ping_status":"closed","sticky":false,"template":"","format":"standard","meta":{"footnotes":""},"categories":[72,37],"tags":[],"class_list":["post-36186","post","type-post","status-publish","format-standard","has-post-thumbnail","hentry","category-cdmx","category-nacional"],"_links":{"self":[{"href":"https:\/\/chaneltodaycancun.com\/index.php\/wp-json\/wp\/v2\/posts\/36186","targetHints":{"allow":["GET"]}}],"collection":[{"href":"https:\/\/chaneltodaycancun.com\/index.php\/wp-json\/wp\/v2\/posts"}],"about":[{"href":"https:\/\/chaneltodaycancun.com\/index.php\/wp-json\/wp\/v2\/types\/post"}],"author":[{"embeddable":true,"href":"https:\/\/chaneltodaycancun.com\/index.php\/wp-json\/wp\/v2\/users\/1"}],"replies":[{"embeddable":true,"href":"https:\/\/chaneltodaycancun.com\/index.php\/wp-json\/wp\/v2\/comments?post=36186"}],"version-history":[{"count":1,"href":"https:\/\/chaneltodaycancun.com\/index.php\/wp-json\/wp\/v2\/posts\/36186\/revisions"}],"predecessor-version":[{"id":36187,"href":"https:\/\/chaneltodaycancun.com\/index.php\/wp-json\/wp\/v2\/posts\/36186\/revisions\/36187"}],"wp:featuredmedia":[{"embeddable":true,"href":"https:\/\/chaneltodaycancun.com\/index.php\/wp-json\/wp\/v2\/media\/36188"}],"wp:attachment":[{"href":"https:\/\/chaneltodaycancun.com\/index.php\/wp-json\/wp\/v2\/media?parent=36186"}],"wp:term":[{"taxonomy":"category","embeddable":true,"href":"https:\/\/chaneltodaycancun.com\/index.php\/wp-json\/wp\/v2\/categories?post=36186"},{"taxonomy":"post_tag","embeddable":true,"href":"https:\/\/chaneltodaycancun.com\/index.php\/wp-json\/wp\/v2\/tags?post=36186"}],"curies":[{"name":"wp","href":"https:\/\/api.w.org\/{rel}","templated":true}]}}