{"id":5471,"date":"2021-05-26T11:31:30","date_gmt":"2021-05-26T11:31:30","guid":{"rendered":"https:\/\/chaneltodaycancun.com\/?p=5471"},"modified":"2021-05-25T21:34:17","modified_gmt":"2021-05-25T21:34:17","slug":"no-hay-derecho-chato-da-coraje-que-me-llamen-alcoholico-fecal","status":"publish","type":"post","link":"https:\/\/chaneltodaycancun.com\/index.php\/2021\/05\/26\/no-hay-derecho-chato-da-coraje-que-me-llamen-alcoholico-fecal\/","title":{"rendered":"\u201c\u00a1No hay derecho chato!\u201d, da coraje que me llamen alcoh\u00f3lico: Fecal"},"content":{"rendered":"<div class=\"zox-article-wrap zoxrel left zox100\">\n<div class=\"zox-post-main-grid\">\n<div class=\"zox-post-width\">\n<div class=\"zox-post-main-wrap zoxrel left zox100\">\n<div class=\"zox-post-main\">\n<div class=\"zox-post-body-wrap left zoxrel\">\n<div class=\"zox-post-body left zoxrel zox100\">\n<p>El expresidente de M\u00e9xico, Felipe Calder\u00f3n Hinojosa, asegur\u00f3 que no tiene problemas con el alcohol. Asimismo, coment\u00f3 que s\u00f3lo fue una calumnia que alguien invent\u00f3 en su contra.<\/p>\n<div class=\"afw afw_custom  afw_ad afwadid-267205  \" data-ad-id=\"267205\">\n<div id=\"div-gpt-ad-1571779814198-0\" data-google-query-id=\"CN-sp-zj5fACFUzy4QodbEEFQg\">\n<div id=\"google_ads_iframe_\/121287434\/web750_0__container__\">En una entrevista con \u00c1ngel Verdugo y Carlos Alazraki para Atypical Te Ve, el exmandatario habl\u00f3 sobre su supuesto alcoholismo y se\u00f1al\u00f3 que a pesar de que disfruta tomar \u201cun buen vino\u201d, \u00e9l no tiene problemas con la bebida como muchos aseguraron durante su sexenio.<\/div>\n<\/div>\n<\/div>\n<p>\u201cMe acusan de otras cosas que me dan mucho coraje como por ejemplo, de este supuesto alcoholismo, pues no lo soy, por supuesto que me gusta y disfruto estar con un buen vino con mis amigos, me gusta cantar, me gusta la trova cubana y ahora soy m\u00e1s bien de Joaqu\u00edn Sabina y me gustan los mariachis\u201d, expres\u00f3.<\/p>\n<p>Asimismo, el expresidente dijo que goza de buena salud f\u00edsica y afirm\u00f3 que su supuesto alcoholismo \u201cha sido una infamia terrible que le han hecho a la mala\u201d.<\/p>\n<p>\u201cYo cuando fui Presidente cruc\u00e9 a nado la Bah\u00eda de Acapulco dos veces, todav\u00eda el a\u00f1o pasado me ech\u00e9 100 kil\u00f3metros en bicicleta, ahorita traigo lesionada la pierna porque me romp\u00ed un ligamento jugando futbol, pero honestamente considero que gozo de una buena salud f\u00edsica y ha sido una infamia terrible que me han hecho a la mala\u201d.<\/p>\n<p>Por \u00faltimo, Felipe Calder\u00f3n explic\u00f3 que la mala fama surgi\u00f3 a ra\u00edz de que un periodista lo acus\u00f3 de ser un alcoh\u00f3lico, pero agreg\u00f3 que meses despu\u00e9s reconoci\u00f3 p\u00fablicamente haber inventado ese rumor.<\/p>\n<p>\u201cMe la hizo un periodista, Federico Arreola un d\u00eda que nos echamos un entre muy fuerte, medi\u00e1ticamente me acus\u00f3 a la mala de que yo era un alcoh\u00f3lico, meses despu\u00e9s \u00e9l reconoce p\u00fablicamente y se lo reconozco, es que dijo: \u2018yo invent\u00e9 esa calumnia contra Felipe Calder\u00f3n. No es alcoh\u00f3lico, no me consta y lo hice porque \u00e9l me hab\u00eda difamado\u2019. Pero la verdad es que fue un invento, ya lo reconoci\u00f3 el autor y esos circos me molestan, no debieran molestarme\u201d concluy\u00f3.<\/p>\n<p>Aunque cabe recordar que en un relato de Manuel Espino Barrientos, en el libro de Olga Wornat, Felipe el Oscuro, quien en 2009 ostentaba el cargo de secretario general en el PAN, asegur\u00f3 que en diversas ocasiones tuvo que retirarlo completamente ebrio de algunas cantinas, que incluso llamaban a su casa pidiendo que fuera a recogerlo, ya que Calder\u00f3n Hinojosa ya ebrio se pon\u00eda muy necio.<\/p>\n<p>Narra en un pasaje del libro que un \u201cFelipe Calder\u00f3n (ya pasado de copas) explot\u00f3 y la sobremesa se interrumpi\u00f3 (esto al hacer referencia a su padre). Fuera de s\u00ed, pasado de copas, Felipe golpeaba la mesa una y otra vez. Manuel Espino lo observaba, azorado\u201d, describe la autora del libro.<\/p>\n<p>\u201cNo por los exabruptos producto del alcohol que eran habituales (contin\u00faa Olga Wornat), sino por lo que dijo sobre su padre, hasta ese momento un intocable, un\u00a0pr\u00f3cer del blanquiazul. Felipe Calder\u00f3n nunca hablaba de su progenitor, pero esa vez el rencor acumulado durante a\u00f1os sali\u00f3 a flote de la peor manera\u201d, tan solo un bot\u00f3n de muestra narrado por quien fue su mejor amigo, Manuel Espino.<\/p>\n<p><img loading=\"lazy\" decoding=\"async\" class=\"alignnone size-full wp-image-285666 lazyautosizes lazyloaded\" src=\"https:\/\/turquesanews.mx\/wp-content\/uploads\/2021\/05\/Borrachales-Calderas-2.jpg.webp\" sizes=\"auto, 660px\" srcset=\"https:\/\/turquesanews.mx\/wp-content\/uploads\/2021\/05\/Borrachales-Calderas-2.jpg.webp 1110w, https:\/\/turquesanews.mx\/wp-content\/uploads\/2021\/05\/Borrachales-Calderas-2-300x200.jpg.webp 300w, https:\/\/turquesanews.mx\/wp-content\/uploads\/2021\/05\/Borrachales-Calderas-2-768x512.jpg.webp 768w\" alt=\"\" width=\"1110\" height=\"740\" data-src=\"https:\/\/turquesanews.mx\/wp-content\/uploads\/2021\/05\/Borrachales-Calderas-2.jpg.webp\" data-srcset=\"https:\/\/turquesanews.mx\/wp-content\/uploads\/2021\/05\/Borrachales-Calderas-2.jpg.webp 1110w, https:\/\/turquesanews.mx\/wp-content\/uploads\/2021\/05\/Borrachales-Calderas-2-300x200.jpg.webp 300w, https:\/\/turquesanews.mx\/wp-content\/uploads\/2021\/05\/Borrachales-Calderas-2-768x512.jpg.webp 768w\" data-sizes=\"auto\" data-src-webp=\"https:\/\/turquesanews.mx\/wp-content\/uploads\/2021\/05\/Borrachales-Calderas-2.jpg.webp\" data-srcset-webp=\"https:\/\/turquesanews.mx\/wp-content\/uploads\/2021\/05\/Borrachales-Calderas-2.jpg.webp 1110w, https:\/\/turquesanews.mx\/wp-content\/uploads\/2021\/05\/Borrachales-Calderas-2-300x200.jpg.webp 300w, https:\/\/turquesanews.mx\/wp-content\/uploads\/2021\/05\/Borrachales-Calderas-2-768x512.jpg.webp 768w\" \/><\/p>\n<h2>Manuel Espino al rescate del alcoh\u00f3lico<\/h2>\n<p>\u201cFelipe estaba borracho pele\u00e1ndose a gritos con un mesero, porque quer\u00eda m\u00e1s bebidas\u201d. \u201cLo arrastramos a la habitaci\u00f3n, le tuvimos que sacar los pantalones y acostarlo\u201d. \u201cMe alej\u00e9 porque no estaba dispuesto a aceptar sus maderadas. Toma alcohol y se pone peor, tiene un grave problema con eso\u201d\u2026<\/p>\n<p>Otro fragmentos del libro de Olga Wornat, \u201cFelipe, el oscuro\u201d, que ha sido un \u00e9xito de ventas y un comentario obligado entre los c\u00edrculos m\u00e1s altos de la pol\u00edtica mexicana.<\/p>\n<p>Las revelaciones confirmar\u00edan las sospechas que muchos sectores de mexicanos ten\u00edan respecto del supuesto alcoholismo del expresidente. Algo que \u00e9l siempre neg\u00f3 en todos los tonos.<\/p>\n<p>Pero que hoy corrobora un testigo clave: Manuel Espino, presidente del partido Acci\u00f3n Nacional entre el 5 de marzo de 2005 y el 8 de diciembre de 2007 y quien de esa forma accedi\u00f3 al c\u00edrculo m\u00e1s cercano del expresidente.<\/p>\n<p>Las revelaciones de Espino confirmar\u00edan las sospechas que muchos sectores de mexicanos ten\u00edan respecto del supuesto alcoholismo del expresidente.<\/p>\n<p>\u201cFui su c\u00f3mplice en muchos il\u00edcitos, pero \u00e9l nos minti\u00f3 y nos traicion\u00f3 a todos\u201d.<\/p>\n<p>Ante este \u00faltimo comentario la propia autora del libro Olga Wornat, parece sorprendida:<\/p>\n<p>\u201cEsa era la \u00fanica vez en la vida que un dirigente pol\u00edtico me confesaba que hab\u00eda cometido il\u00edcitos\u201d.<\/p>\n<p><img loading=\"lazy\" decoding=\"async\" class=\"alignnone size-full wp-image-285667 lazyautosizes lazyloaded\" src=\"https:\/\/turquesanews.mx\/wp-content\/uploads\/2021\/05\/Panuchos-amiguis.jpg.webp\" sizes=\"auto, 660px\" srcset=\"https:\/\/turquesanews.mx\/wp-content\/uploads\/2021\/05\/Panuchos-amiguis.jpg.webp 1147w, https:\/\/turquesanews.mx\/wp-content\/uploads\/2021\/05\/Panuchos-amiguis-300x183.jpg.webp 300w, https:\/\/turquesanews.mx\/wp-content\/uploads\/2021\/05\/Panuchos-amiguis-768x469.jpg.webp 768w\" alt=\"\" width=\"1147\" height=\"701\" data-src=\"https:\/\/turquesanews.mx\/wp-content\/uploads\/2021\/05\/Panuchos-amiguis.jpg.webp\" data-srcset=\"https:\/\/turquesanews.mx\/wp-content\/uploads\/2021\/05\/Panuchos-amiguis.jpg.webp 1147w, https:\/\/turquesanews.mx\/wp-content\/uploads\/2021\/05\/Panuchos-amiguis-300x183.jpg.webp 300w, https:\/\/turquesanews.mx\/wp-content\/uploads\/2021\/05\/Panuchos-amiguis-768x469.jpg.webp 768w\" data-sizes=\"auto\" data-src-webp=\"https:\/\/turquesanews.mx\/wp-content\/uploads\/2021\/05\/Panuchos-amiguis.jpg.webp\" data-srcset-webp=\"https:\/\/turquesanews.mx\/wp-content\/uploads\/2021\/05\/Panuchos-amiguis.jpg.webp 1147w, https:\/\/turquesanews.mx\/wp-content\/uploads\/2021\/05\/Panuchos-amiguis-300x183.jpg.webp 300w, https:\/\/turquesanews.mx\/wp-content\/uploads\/2021\/05\/Panuchos-amiguis-768x469.jpg.webp 768w\" \/><\/p>\n<h2>Testimonio de \u201cPancho Cachondo\u201d<\/h2>\n<p>Francisco Sol\u00eds Pe\u00f3n \u2014conocido como \u201cPancho Cachondo\u201d, y expulsado del PAN de mala manera: apareci\u00f3 en una foto desnudo y con un logo del albiazul tap\u00e1ndole el pene\u2014 fue uno de los m\u00e1s cercanos durante la juventud del expresidente. Y narra:<\/p>\n<p>\u201cFelipe comenzaba a tomar en la tarde o desde temprano, y no paraba hasta terminar muy borracho. Yo me llevaba bien con Margarita (Zavala), me prestaba sus apuntes y me contaba de su relaci\u00f3n con Felipe\u2026 ella se cansaba de sus cambios de humor, sus estallidos de c\u00f3lera. Margarita se cansaba y lo abandonaba, y \u00e9l se pon\u00eda borracho y amenazaba tirarse de un puente\u2026\u201d.<\/p>\n<p>Desde que Felipe Calder\u00f3n lleg\u00f3 a Los Pinos en 2006, dio mucho de qu\u00e9 hablar y dentro de los temas m\u00e1s comentados sobre el mandatario en los \u00faltimos a\u00f1os se encuentra su presunto alcoholismo.<\/p>\n<p>La supuesta adicci\u00f3n del mandatario fue tema de debate en San L\u00e1zaro donde, en febrero de 2011, diputados del Partido del Trabajo (PT) mostraron una manta en la que se hac\u00eda alusi\u00f3n al hecho. El mismo tema ser\u00eda comentado por Carmen Aristegui en su espacio de noticias en MVS, lo que le valdr\u00eda su salida de la emisora, aunque volver\u00eda a \u00e9sta poco tiempo despu\u00e9s.<\/p>\n<\/div>\n<\/div>\n<\/div>\n<\/div>\n<\/div>\n<\/div>\n<\/div>\n","protected":false},"excerpt":{"rendered":"<p>El expresidente de M\u00e9xico, Felipe Calder\u00f3n Hinojosa, asegur\u00f3 que no tiene problemas con el alcohol&#8230;.<\/p>\n","protected":false},"author":2,"featured_media":5472,"comment_status":"closed","ping_status":"closed","sticky":false,"template":"","format":"standard","meta":{"footnotes":""},"categories":[37],"tags":[],"class_list":["post-5471","post","type-post","status-publish","format-standard","has-post-thumbnail","hentry","category-nacional"],"_links":{"self":[{"href":"https:\/\/chaneltodaycancun.com\/index.php\/wp-json\/wp\/v2\/posts\/5471","targetHints":{"allow":["GET"]}}],"collection":[{"href":"https:\/\/chaneltodaycancun.com\/index.php\/wp-json\/wp\/v2\/posts"}],"about":[{"href":"https:\/\/chaneltodaycancun.com\/index.php\/wp-json\/wp\/v2\/types\/post"}],"author":[{"embeddable":true,"href":"https:\/\/chaneltodaycancun.com\/index.php\/wp-json\/wp\/v2\/users\/2"}],"replies":[{"embeddable":true,"href":"https:\/\/chaneltodaycancun.com\/index.php\/wp-json\/wp\/v2\/comments?post=5471"}],"version-history":[{"count":1,"href":"https:\/\/chaneltodaycancun.com\/index.php\/wp-json\/wp\/v2\/posts\/5471\/revisions"}],"predecessor-version":[{"id":5473,"href":"https:\/\/chaneltodaycancun.com\/index.php\/wp-json\/wp\/v2\/posts\/5471\/revisions\/5473"}],"wp:featuredmedia":[{"embeddable":true,"href":"https:\/\/chaneltodaycancun.com\/index.php\/wp-json\/wp\/v2\/media\/5472"}],"wp:attachment":[{"href":"https:\/\/chaneltodaycancun.com\/index.php\/wp-json\/wp\/v2\/media?parent=5471"}],"wp:term":[{"taxonomy":"category","embeddable":true,"href":"https:\/\/chaneltodaycancun.com\/index.php\/wp-json\/wp\/v2\/categories?post=5471"},{"taxonomy":"post_tag","embeddable":true,"href":"https:\/\/chaneltodaycancun.com\/index.php\/wp-json\/wp\/v2\/tags?post=5471"}],"curies":[{"name":"wp","href":"https:\/\/api.w.org\/{rel}","templated":true}]}}