{"id":5560,"date":"2021-06-05T11:50:54","date_gmt":"2021-06-05T11:50:54","guid":{"rendered":"https:\/\/chaneltodaycancun.com\/?p=5560"},"modified":"2021-06-04T11:52:28","modified_gmt":"2021-06-04T11:52:28","slug":"quintana-roo-activa-la-ley-seca-por-la-jornada-electoral","status":"publish","type":"post","link":"https:\/\/chaneltodaycancun.com\/index.php\/2021\/06\/05\/quintana-roo-activa-la-ley-seca-por-la-jornada-electoral\/","title":{"rendered":"Quintana Roo activa la ley seca por la jornada electoral"},"content":{"rendered":"<p>Ante la jornada electoral del pr\u00f3ximo domingo 6 de junio, La Secretar\u00eda de Finanzas y Planeaci\u00f3n de Quintana Roo anunci\u00f3 la prohibici\u00f3n de venta de alcohol, conocida como \u201cley seca\u201d.<\/p>\n<p>A trav\u00e9s de sus redes sociales, la secretar\u00eda inform\u00f3 que propietarios o responsables de establecimientos que expendan bebidas alcoh\u00f3licas, tienen prohibido vender alcohol a partir de las 00:01 horas de este pr\u00f3ximo s\u00e1bado 5 de junio, y hasta las 23:59 horas del domingo 6 de junio de 2021.<\/p>\n<p>Esta medida busca garantizar la tranquilidad de la jornada electoral del domingo, en la que se elegir\u00e1n en Quintana Roo las 11 presidencias municipales y los diputados federales.<\/p>\n<div id=\"div-gpt-ad-inread-60b983bc64bd070013ed8045\" data-name=\"inread\" data-size=\"[[336,250], [300,250]]\" data-google-query-id=\"CLiG5tj0_fACFU3HhgodsdUGQw\">\n<div id=\"google_ads_iframe_\/4334274\/inread_3__container__\">Destaca que la ley seca no se aplicar\u00e1 en los establecimientos de las zonas tur\u00edsticas de todo el estado, como Canc\u00fan y la Riviera Maya, con venta en restaurante y restaurante bar.<\/div>\n<\/div>\n<div class=\"twitter-tweet twitter-tweet-rendered\"><iframe id=\"twitter-widget-0\" class=\"\" title=\"Twitter Tweet\" src=\"https:\/\/platform.twitter.com\/embed\/Tweet.html?creatorScreenName=novedadesqroo&amp;dnt=false&amp;embedId=twitter-widget-0&amp;features=eyJ0ZndfZXhwZXJpbWVudHNfY29va2llX2V4cGlyYXRpb24iOnsiYnVja2V0IjoxMjA5NjAwLCJ2ZXJzaW9uIjpudWxsfSwidGZ3X2hvcml6b25fdHdlZXRfZW1iZWRfOTU1NSI6eyJidWNrZXQiOiJodGUiLCJ2ZXJzaW9uIjpudWxsfSwidGZ3X3R3ZWV0X2VtYmVkX2NsaWNrYWJpbGl0eV8xMjEwMiI6eyJidWNrZXQiOiJjb250cm9sIiwidmVyc2lvbiI6bnVsbH19&amp;frame=false&amp;hideCard=false&amp;hideThread=false&amp;id=1400482408718241795&amp;lang=es&amp;origin=https%3A%2F%2Fsipse.com%2Fnovedades%2Fbaja-la-ocupacion-por-covid-en-el-hospital-general-de-playa-del-carmen-400324.html&amp;sessionId=75518a8e0ab0dbf11ba4a542b603faec9db61651&amp;siteScreenName=novedadesqroo&amp;theme=light&amp;widgetsVersion=82e1070%3A1619632193066&amp;width=550px\" frameborder=\"0\" scrolling=\"no\" allowfullscreen=\"allowfullscreen\" data-tweet-id=\"1400482408718241795\" data-mce-fragment=\"1\"><\/iframe><\/div>\n<p>&nbsp;<\/p>\n<div class=\"media-caption\"><a class=\"magnific-gallery-item\" title=\".\" href=\"https:\/\/images.sipse.com\/MCpqBZFMY6hT-CfxNzQvYwYyBAs=\/fit-in\/900x500\/2021\/06\/04\/1622770481380.png\" data-fancybox=\"gallery-60b983bc64bd070013ed8045\" data-options=\"{&quot;hash&quot;:false}\"><img decoding=\"async\" class=\"img-responsive center-block\" src=\"https:\/\/images.sipse.com\/1apiKNqJmImTS-CdmssgfZOasrA=\/fit-in\/580x500\/2021\/06\/04\/1622770481380.png\" \/><\/a><\/div>\n","protected":false},"excerpt":{"rendered":"<p>Ante la jornada electoral del pr\u00f3ximo domingo 6 de junio, La Secretar\u00eda de Finanzas y&#8230;<\/p>\n","protected":false},"author":2,"featured_media":5561,"comment_status":"closed","ping_status":"closed","sticky":false,"template":"","format":"standard","meta":{"footnotes":""},"categories":[1],"tags":[],"class_list":["post-5560","post","type-post","status-publish","format-standard","has-post-thumbnail","hentry","category-uncategorized"],"_links":{"self":[{"href":"https:\/\/chaneltodaycancun.com\/index.php\/wp-json\/wp\/v2\/posts\/5560","targetHints":{"allow":["GET"]}}],"collection":[{"href":"https:\/\/chaneltodaycancun.com\/index.php\/wp-json\/wp\/v2\/posts"}],"about":[{"href":"https:\/\/chaneltodaycancun.com\/index.php\/wp-json\/wp\/v2\/types\/post"}],"author":[{"embeddable":true,"href":"https:\/\/chaneltodaycancun.com\/index.php\/wp-json\/wp\/v2\/users\/2"}],"replies":[{"embeddable":true,"href":"https:\/\/chaneltodaycancun.com\/index.php\/wp-json\/wp\/v2\/comments?post=5560"}],"version-history":[{"count":1,"href":"https:\/\/chaneltodaycancun.com\/index.php\/wp-json\/wp\/v2\/posts\/5560\/revisions"}],"predecessor-version":[{"id":5562,"href":"https:\/\/chaneltodaycancun.com\/index.php\/wp-json\/wp\/v2\/posts\/5560\/revisions\/5562"}],"wp:featuredmedia":[{"embeddable":true,"href":"https:\/\/chaneltodaycancun.com\/index.php\/wp-json\/wp\/v2\/media\/5561"}],"wp:attachment":[{"href":"https:\/\/chaneltodaycancun.com\/index.php\/wp-json\/wp\/v2\/media?parent=5560"}],"wp:term":[{"taxonomy":"category","embeddable":true,"href":"https:\/\/chaneltodaycancun.com\/index.php\/wp-json\/wp\/v2\/categories?post=5560"},{"taxonomy":"post_tag","embeddable":true,"href":"https:\/\/chaneltodaycancun.com\/index.php\/wp-json\/wp\/v2\/tags?post=5560"}],"curies":[{"name":"wp","href":"https:\/\/api.w.org\/{rel}","templated":true}]}}