{"id":5572,"date":"2021-06-05T11:01:18","date_gmt":"2021-06-05T11:01:18","guid":{"rendered":"https:\/\/chaneltodaycancun.com\/?p=5572"},"modified":"2021-06-05T04:12:38","modified_gmt":"2021-06-05T04:12:38","slug":"una-reflexion-sobre-las-clases-sociales-en-las-funciones-virtuales-de-la-catrina","status":"publish","type":"post","link":"https:\/\/chaneltodaycancun.com\/index.php\/2021\/06\/05\/una-reflexion-sobre-las-clases-sociales-en-las-funciones-virtuales-de-la-catrina\/","title":{"rendered":"Una reflexi\u00f3n sobre las clases sociales en las funciones virtuales de \u201cLa Catrina\u201d"},"content":{"rendered":"<div id=\"limit-stiky-ad60b7f8e964bd070013ed7f7d\" class=\"row\">\n<div class=\"col-xs-12 col-sm-12 col-md-8 col-lg-8\">\n<section id=\"limit-stiky-60b7f8e964bd070013ed7f7d\" class=\"row\">\n<div class=\"col-xs-112 col-sm-10 col-md-10 col-lg-10\">\n<div class=\"row content-news-data-60b7f8e964bd070013ed7f7d\">\n<div class=\"col-xs-12 col-sm-12 col-md-12 col-lg-12 cuerpo-nota\">\n<p>Una profunda investigaci\u00f3n sobre usos y costumbres de la \u00e9poca del porfiriato fue la inspiraci\u00f3n del maestro Erick Campos para crear un montaje danc\u00edstico cl\u00e1sico donde, a trav\u00e9s de una historia de desamor, invita al espectador a reflexionar sobre la permanencia de las diferencias sociales no obstante la evoluci\u00f3n humana.<\/p>\n<div class=\"media-caption\"><a class=\"magnific-gallery-item\" title=\"(Cortes\u00eda)\" href=\"https:\/\/images.sipse.com\/F519bxhBm2ka7EOoDAofFVbM-hc=\/fit-in\/900x500\/2021\/06\/02\/1622669452488.jpg\" data-fancybox=\"gallery-60b7f8e964bd070013ed7f7d\" data-options=\"{&quot;hash&quot;:false}\"><img decoding=\"async\" class=\"img-responsive center-block\" src=\"https:\/\/images.sipse.com\/AkRgj0BReXZaZT_FlPkRHGVL434=\/fit-in\/580x500\/2021\/06\/02\/1622669452488.jpg\" \/><\/a><\/p>\n<div class=\"content-caption\">La Catrina es el t\u00edtulo de esta pieza que, tras su estreno exitoso en el Centro Nacional de las Artes en abril pasado, ahora podr\u00e1 ser disfrutado en l\u00ednea en las plataformas digitales del INBAL. Las funciones virtuales ser\u00e1n el 5, 6, 12, 13 y 19 de junio, a las 13:00 horas, como parte de la programaci\u00f3n de la Coordinaci\u00f3n Nacional de Danza.<\/div>\n<\/div>\n<p>En entrevista, el maestro Campos, quien fue primer solista y maestro de la Compa\u00f1\u00eda Nacional de Danza, comparte su sentir sobre esta participaci\u00f3n en l\u00ednea.<\/p>\n<div class=\"media-caption\"><a class=\"magnific-gallery-item\" title=\"(Cortes\u00eda)\" href=\"https:\/\/images.sipse.com\/OqUnzUUQH5Wchfv_tjG_siAJCgE=\/fit-in\/900x500\/2021\/06\/02\/1622669452536.jpg\" data-fancybox=\"gallery-60b7f8e964bd070013ed7f7d\" data-options=\"{&quot;hash&quot;:false}\"><img decoding=\"async\" class=\"img-responsive center-block\" src=\"https:\/\/images.sipse.com\/pvmeRIEywLkXOL8ZxewCl0JaQ2k=\/fit-in\/580x500\/2021\/06\/02\/1622669452536.jpg\" \/><\/a><\/div>\n<div id=\"div-gpt-ad-inread-60b7f8e964bd070013ed7f7d\" data-name=\"inread\" data-size=\"[[336,250], [300,250]]\" data-google-query-id=\"COebibTP__ACFQTDhwodR-IE7A\">\n<div id=\"google_ads_iframe_\/4334274\/inread_7__container__\">\u201cEstoy conmovido hasta las l\u00e1grimas por la fortuna que ha tenido este montaje. Me siento satisfecho de que se apoye esta pieza porque es un gran trabajo en equipo. Nos alegra que nos permitan compartir nuestro arte\u201d, refiri\u00e9ndose al grupo independiente que fund\u00f3 hace seis a\u00f1os con un cuerpo de baile de m\u00e1s de 30 int\u00e9rpretes.<\/div>\n<\/div>\n<p>Sobre las posibilidades que brindan las funciones virtuales expresa: \u201cNos entusiasma este hecho porque podremos llegar a grandes masas, ya que en un teatro el p\u00fablico es reducido. Evidentemente los espect\u00e1culos en vivo siempre van a tener otro impacto, pero nuestra propuesta, al ser presentada a tres c\u00e1maras, permitir\u00e1 que los espectadores tengan la sensaci\u00f3n de que est\u00e1n presentes en el teatro. En verdad sentir\u00e1n que est\u00e1n en esa monta\u00f1a rusa de emociones que provoca la obra\u201d.<\/p>\n<div class=\"media-caption\"><a class=\"magnific-gallery-item\" title=\"(Cortes\u00eda)\" href=\"https:\/\/images.sipse.com\/OnFM7DwHdBw3LFomJ2NMf1MDV-g=\/fit-in\/900x500\/2021\/06\/02\/1622669452575.jpg\" data-fancybox=\"gallery-60b7f8e964bd070013ed7f7d\" data-options=\"{&quot;hash&quot;:false}\"><img decoding=\"async\" class=\"img-responsive center-block\" src=\"https:\/\/images.sipse.com\/3r531GLWN1UltL8XsQJVa6Mo4b0=\/fit-in\/580x500\/2021\/06\/02\/1622669452575.jpg\" \/><\/a><\/p>\n<div class=\"content-caption\">El director de la Compa\u00f1\u00eda Capitalina de Danza comenta que esta pieza surge de la investigaci\u00f3n que hizo en torno a una \u00e9poca hist\u00f3rica importante de M\u00e9xico: \u201cMe llam\u00f3 mucho la atenci\u00f3n la diferencia de clases sociales en el Porfiriato, esos prejuicios que hab\u00eda hacia la gente mestiza y la cuesti\u00f3n econ\u00f3mica. As\u00ed que elabor\u00e9 una historia que muestra tales estereotipos y la vincul\u00e9 con el D\u00eda de Muertos\u201d.<\/div>\n<\/div>\n<p>Sobre el nombre de la pieza y su vinculaci\u00f3n con el D\u00eda de Muertos, el maestro Campos aclara que son aspectos circunstanciales porque \u201cLa Catrina\u201d ten\u00eda otro simbolismo en la \u00e9poca que \u00e9l hace referencia en su ballet, era una imagen de protesta, dice, de lucha de la sociedad por mostrar el descontento.<\/p>\n<\/div>\n<\/div>\n<\/div>\n<\/section>\n<\/div>\n<\/div>\n","protected":false},"excerpt":{"rendered":"<p>Una profunda investigaci\u00f3n sobre usos y costumbres de la \u00e9poca del porfiriato fue la inspiraci\u00f3n&#8230;<\/p>\n","protected":false},"author":2,"featured_media":5573,"comment_status":"closed","ping_status":"closed","sticky":false,"template":"","format":"standard","meta":{"footnotes":""},"categories":[34],"tags":[],"class_list":["post-5572","post","type-post","status-publish","format-standard","has-post-thumbnail","hentry","category-espectaculos"],"_links":{"self":[{"href":"https:\/\/chaneltodaycancun.com\/index.php\/wp-json\/wp\/v2\/posts\/5572","targetHints":{"allow":["GET"]}}],"collection":[{"href":"https:\/\/chaneltodaycancun.com\/index.php\/wp-json\/wp\/v2\/posts"}],"about":[{"href":"https:\/\/chaneltodaycancun.com\/index.php\/wp-json\/wp\/v2\/types\/post"}],"author":[{"embeddable":true,"href":"https:\/\/chaneltodaycancun.com\/index.php\/wp-json\/wp\/v2\/users\/2"}],"replies":[{"embeddable":true,"href":"https:\/\/chaneltodaycancun.com\/index.php\/wp-json\/wp\/v2\/comments?post=5572"}],"version-history":[{"count":1,"href":"https:\/\/chaneltodaycancun.com\/index.php\/wp-json\/wp\/v2\/posts\/5572\/revisions"}],"predecessor-version":[{"id":5574,"href":"https:\/\/chaneltodaycancun.com\/index.php\/wp-json\/wp\/v2\/posts\/5572\/revisions\/5574"}],"wp:featuredmedia":[{"embeddable":true,"href":"https:\/\/chaneltodaycancun.com\/index.php\/wp-json\/wp\/v2\/media\/5573"}],"wp:attachment":[{"href":"https:\/\/chaneltodaycancun.com\/index.php\/wp-json\/wp\/v2\/media?parent=5572"}],"wp:term":[{"taxonomy":"category","embeddable":true,"href":"https:\/\/chaneltodaycancun.com\/index.php\/wp-json\/wp\/v2\/categories?post=5572"},{"taxonomy":"post_tag","embeddable":true,"href":"https:\/\/chaneltodaycancun.com\/index.php\/wp-json\/wp\/v2\/tags?post=5572"}],"curies":[{"name":"wp","href":"https:\/\/api.w.org\/{rel}","templated":true}]}}