{"id":5610,"date":"2021-06-11T11:59:35","date_gmt":"2021-06-11T11:59:35","guid":{"rendered":"https:\/\/chaneltodaycancun.com\/?p=5610"},"modified":"2021-06-11T05:16:47","modified_gmt":"2021-06-11T05:16:47","slug":"aparece-el-cadaver-de-olivia-la-hermana-mayor-de-ana-las-ninas-secuestradas-por-su-padre","status":"publish","type":"post","link":"https:\/\/chaneltodaycancun.com\/index.php\/2021\/06\/11\/aparece-el-cadaver-de-olivia-la-hermana-mayor-de-ana-las-ninas-secuestradas-por-su-padre\/","title":{"rendered":"Aparece el cad\u00e1ver de Olivia la hermana mayor de Ana; las ni\u00f1as secuestradas por su padre"},"content":{"rendered":"<p><strong>Espa\u00f1a<\/strong>. \u2013 El cad\u00e1ver de\u00a0<strong>Olivia<\/strong>, de seis a\u00f1os, una de las ni\u00f1as desaparecidas el pasado 27 de abril, f<strong>ue encontrado en el mar por la Guardia Civil.<\/strong><\/p>\n<div class=\"afw afw_custom  afw_ad afwadid-267205  \" data-ad-id=\"267205\">\n<div id=\"div-gpt-ad-1571779814198-0\" data-google-query-id=\"CLqD5OfojvECFUgbwwodXIQOCw\">\n<div id=\"google_ads_iframe_\/121287434\/web750_0__container__\">La menor desapareci\u00f3 con su hermana Ana, de un a\u00f1o, luego de que su padre, <strong>Tom\u00e1s Gimeno,<\/strong>\u00a0<strong>no se las devolviera a su madre y le advirtiera de que no las iba a volver a ver, fue encontrada sin vida.<\/strong><\/div>\n<\/div>\n<\/div>\n<p>En medios locales, refieren que la Guardia Civil, ya comunic\u00f3 a\u00a0<strong>Beatriz, la madres de las ni\u00f1as, as\u00ed como al resto de la familia, el hallazgo del cuerpo.<\/strong><\/p>\n<p>En un comunicado, las autoridades indicaron que los restos de Olivia,\u00a0<strong>fueron encontrados en una bolsa a una milla n\u00e1utica<\/strong>\u00a0<strong>del puerto de G\u00fcimar,<\/strong>\u00a0desde donde Tom\u00e1s Gimeno parti\u00f3 la noche del 27 de abril en su lancha con dos petates militares que transport\u00f3 desde su coche.<\/p>\n<p>Una hora antes hab\u00eda estado cerca de dos horas con sus hijas solo en su casa.<\/p>\n<p>Asimismo, comentaron que\u00a0<strong>el cad\u00e1ver fue enviado al al Instituto Anat\u00f3mico Forense de Tenerife para proceder a practicar la autopsia,<\/strong>\u00a0seg\u00fan han precisado fuentes de la investigaci\u00f3n.<\/p>\n<p>Adem\u00e1s, los agentes de la\u00a0<strong>Polic\u00eda Judicial de la Guardia Civil de Tenerife<\/strong>, mencionaron que dieron con el ancla de la lancha, usada como lastre para hundir las bolsas con los cuerpos de las ni\u00f1as.<\/p>\n<h3>Aseguro ver\u00edan m\u00e1s a Olivia y a Ana<\/h3>\n<p><strong>La embarcaci\u00f3n fue encontrada en alta mar vac\u00eda y a la deriva<\/strong>\u00a0horas despu\u00e9s de que Tom\u00e1s desapareciera con sus hijas.<\/p>\n<p>De hecho, los trabajos de rastreo de la Guardia Civil prosiguen en el lugar del suceso.<\/p>\n<p>Cabe indicar, que este hallazgo se produce tres d\u00edas despu\u00e9s de que el s\u00f3nar localizara en la misma zona\u00a0<strong>una funda n\u00f3rdica y una botella de aire comprimido propiedad de Tom\u00e1s Gimeno.<\/strong><\/p>\n<p>Es m\u00e1s, desde el inicio, los investigadores centraron su b\u00fasqueda en el oc\u00e9ano tras descartar casi de manera inmediata\u00a0<strong>una hipot\u00e9tica huida v\u00eda mar\u00edtima de Tom\u00e1s Gimeno con las ni\u00f1as a otro pa\u00eds.<\/strong><\/p>\n<p>Los agentes se ayudaron de la personalidad de Tom\u00e1s para intuir primero y certificar despu\u00e9s lo que pudo ocurrir aquella noche.<\/p>\n<p>Como se recordar\u00e1, Tom\u00e1s recogi\u00f3 a sus hijas el martes 27 de abril a las 17.00 horas para pasar la tarde con ellas.\u00a0<strong>Qued\u00f3 con Beatriz en llevarlas de nuevo a las 21.00 horas.<\/strong><\/p>\n<p>De ah\u00ed, estuvo con las ni\u00f1as en casa de sus padres hasta las 19.30, cuando regres\u00f3 a su domicilio. Despu\u00e9s permaneci\u00f3 solo con las ni\u00f1as cerca de dos horas.<\/p>\n<p>Posteriormente a las 21.30, las c\u00e1maras del puerto de Santa Cruz de Tenerife le captaron solo, sin\u00a0<strong>Anna y Olivia, llevando dos petates militares y bultos<\/strong>\u00a0desde su coche hasta la embarcaci\u00f3n de recreo de su propiedad.<\/p>\n<p>Incluso, ya hab\u00eda amenazado a Beatriz por tel\u00e9fono y le hab\u00eda advertido de que no volver\u00eda a ver a sus hijas.\u00a0<strong>A las 21.50 hizo un primer viaje a alta mar.<\/strong><\/p>\n<h3>Madre solicita la intervenci\u00f3n de las autoridades<\/h3>\n<p>Ante ello, lo llam\u00f3 insistentemente, pero \u00e9l no le cogi\u00f3 el tel\u00e9fono y despu\u00e9s se qued\u00f3 sin bater\u00eda.<\/p>\n<p><strong>Beatriz fue al cuartel de la Guardia Civi<\/strong>l y les comunic\u00f3 que Tom\u00e1s no hab\u00eda devuelto a las ni\u00f1as pero recibi\u00f3 una llamada y sali\u00f3 corriendo.<\/p>\n<p class=\"st-swap-parent st-swap--active\"><iframe loading=\"lazy\" id=\"st-in-video-iframed-yt_1\" class=\"st-swap-player\" title=\"Hallan el cad\u00e1ver de Olivia, la mayor de las hermanas desaparecidas con su padre en Tenerife\" src=\"https:\/\/www.youtube.com\/embed\/z2ibFFQupQ4?feature=oembed&amp;enablejsapi=1\" width=\"880\" height=\"495\" frameborder=\"0\" allowfullscreen=\"allowfullscreen\" data-src=\"https:\/\/www.youtube.com\/embed\/z2ibFFQupQ4?feature=oembed&amp;enablejsapi=1\" data-mce-fragment=\"1\"><\/iframe><\/p>\n<p>Debido a la gravedad de lo que Beatriz les hab\u00eda comunicado,\u00a0<strong>los agentes se desplazaron hasta su casa pero ella ya no estaba.<\/strong><\/p>\n<p>Tom\u00e1s, regres\u00f3 a tierra a las 23.30 horas y se fue a una gasolinera a comprar tabaco y un cargador para su m\u00f3vil.<\/p>\n<p>M\u00e1s tarde, pidi\u00f3 al vigilante del puerto cargar su celular; fue entonces cuando hizo la \u00faltima llamada a Beatriz, l<strong>a tranquiliz\u00f3, la hizo creer que hab\u00eda acostado a las ni\u00f1as y que ma\u00f1ana las llevar\u00eda de vuelta con ella<\/strong>.<\/p>\n<p>Luego, Tom\u00e1s volvi\u00f3 a a<strong>dentrarse en el mar y ah\u00ed se perdi\u00f3 su pista.<\/strong><\/p>\n<p>En el transcurso de la madrugada envi\u00f3 mensajes en clave de despedida a su familia y amigos\u00a0<strong>que alarmados avisaron a Beatriz a primera hora del mi\u00e9rcoles 28.<\/strong><\/p>\n<p>Para las 08.00 horas, ella fue a la\u00a0<strong>Guardia Civil a interponer la denuncia.<\/strong><\/p>\n","protected":false},"excerpt":{"rendered":"<p>Espa\u00f1a. \u2013 El cad\u00e1ver de\u00a0Olivia, de seis a\u00f1os, una de las ni\u00f1as desaparecidas el pasado&#8230;<\/p>\n","protected":false},"author":2,"featured_media":5611,"comment_status":"closed","ping_status":"closed","sticky":false,"template":"","format":"standard","meta":{"footnotes":""},"categories":[36],"tags":[],"class_list":["post-5610","post","type-post","status-publish","format-standard","has-post-thumbnail","hentry","category-internacional"],"_links":{"self":[{"href":"https:\/\/chaneltodaycancun.com\/index.php\/wp-json\/wp\/v2\/posts\/5610","targetHints":{"allow":["GET"]}}],"collection":[{"href":"https:\/\/chaneltodaycancun.com\/index.php\/wp-json\/wp\/v2\/posts"}],"about":[{"href":"https:\/\/chaneltodaycancun.com\/index.php\/wp-json\/wp\/v2\/types\/post"}],"author":[{"embeddable":true,"href":"https:\/\/chaneltodaycancun.com\/index.php\/wp-json\/wp\/v2\/users\/2"}],"replies":[{"embeddable":true,"href":"https:\/\/chaneltodaycancun.com\/index.php\/wp-json\/wp\/v2\/comments?post=5610"}],"version-history":[{"count":1,"href":"https:\/\/chaneltodaycancun.com\/index.php\/wp-json\/wp\/v2\/posts\/5610\/revisions"}],"predecessor-version":[{"id":5612,"href":"https:\/\/chaneltodaycancun.com\/index.php\/wp-json\/wp\/v2\/posts\/5610\/revisions\/5612"}],"wp:featuredmedia":[{"embeddable":true,"href":"https:\/\/chaneltodaycancun.com\/index.php\/wp-json\/wp\/v2\/media\/5611"}],"wp:attachment":[{"href":"https:\/\/chaneltodaycancun.com\/index.php\/wp-json\/wp\/v2\/media?parent=5610"}],"wp:term":[{"taxonomy":"category","embeddable":true,"href":"https:\/\/chaneltodaycancun.com\/index.php\/wp-json\/wp\/v2\/categories?post=5610"},{"taxonomy":"post_tag","embeddable":true,"href":"https:\/\/chaneltodaycancun.com\/index.php\/wp-json\/wp\/v2\/tags?post=5610"}],"curies":[{"name":"wp","href":"https:\/\/api.w.org\/{rel}","templated":true}]}}