{"id":5629,"date":"2021-06-14T11:07:46","date_gmt":"2021-06-14T11:07:46","guid":{"rendered":"https:\/\/chaneltodaycancun.com\/?p=5629"},"modified":"2021-06-14T04:21:19","modified_gmt":"2021-06-14T04:21:19","slug":"cdmx-suma-3-alumnos-con-covid-tras-regreso-a-clases-gam-registra-uno-mas","status":"publish","type":"post","link":"https:\/\/chaneltodaycancun.com\/index.php\/2021\/06\/14\/cdmx-suma-3-alumnos-con-covid-tras-regreso-a-clases-gam-registra-uno-mas\/","title":{"rendered":"CDMX suma 3 alumnos con Covid tras regreso a clases; GAM registra uno m\u00e1s"},"content":{"rendered":"<div class=\"zox-post-main-grid\">\n<div class=\"zox-post-width\">\n<div class=\"zox-post-main-wrap zoxrel left zox100\">\n<div class=\"zox-post-main\">\n<div class=\"zox-post-body-wrap left zoxrel\">\n<div class=\"zox-post-body left zoxrel zox100\">\n<p>CIUDAD DE M\u00c9XICO .- Tras la confirmaci\u00f3n del contagio de un alumno de primero de secundaria en\u00a0<strong>Tl\u00e1huac<\/strong>\u00a0y un segundo en escuela particular en\u00a0<strong>Mixcoac<\/strong>, este viernes se report\u00f3 un caso m\u00e1s en una escuela p\u00fablica de la\u00a0<strong>Gustavo A. Madero<\/strong>.<\/p>\n<p><strong>Olivia L\u00f3pez<\/strong>, secretaria de\u00a0<strong>Salud de la Ciudad de M\u00e9xico<\/strong>, confirm\u00f3 la noticia en las instalaciones de, acompa\u00f1ada por la Jefa de gobierno,\u00a0<strong>Claudia Sheinbaum<\/strong>: \u201cS\u00ed son tres, dos de escuelas p\u00fablicas y un ni\u00f1o de escuela privada, est\u00e1n confirmados y se est\u00e1 haciendo el estudio epidemiol\u00f3gico, el cero, el seguimiento, las pruebas y las comunidades escolares voluntariamente est\u00e1n decidiendo continuar en l\u00ednea\u201d, anunci\u00f3.<\/p>\n<p>En las \u00faltimas horas, la titular de la<strong>\u00a0Secretar\u00eda de Educaci\u00f3n P\u00fablica, Delfina G\u00f3mez,<\/strong>\u00a0asegur\u00f3 que la salud de los estudiantes no se pondr\u00e1 en riesgo en este regreso a clases; sin embargo, reconoci\u00f3 que: \u201cno podemos estar del todo al 100%, seguros de si se tienen o no las condiciones porque yo insisto, estamos ante una situaci\u00f3n en la que estamos intentando conocer y adaptarnos a esta nueva normalidad\u201d asegur\u00f3.<\/p>\n<\/div>\n<\/div>\n<\/div>\n<\/div>\n<\/div>\n<\/div>\n<div class=\"sharedaddy sd-sharing-enabled\"><\/div>\n","protected":false},"excerpt":{"rendered":"<p>CIUDAD DE M\u00c9XICO .- Tras la confirmaci\u00f3n del contagio de un alumno de primero de&#8230;<\/p>\n","protected":false},"author":2,"featured_media":5630,"comment_status":"closed","ping_status":"closed","sticky":false,"template":"","format":"standard","meta":{"footnotes":""},"categories":[37],"tags":[],"class_list":["post-5629","post","type-post","status-publish","format-standard","has-post-thumbnail","hentry","category-nacional"],"_links":{"self":[{"href":"https:\/\/chaneltodaycancun.com\/index.php\/wp-json\/wp\/v2\/posts\/5629","targetHints":{"allow":["GET"]}}],"collection":[{"href":"https:\/\/chaneltodaycancun.com\/index.php\/wp-json\/wp\/v2\/posts"}],"about":[{"href":"https:\/\/chaneltodaycancun.com\/index.php\/wp-json\/wp\/v2\/types\/post"}],"author":[{"embeddable":true,"href":"https:\/\/chaneltodaycancun.com\/index.php\/wp-json\/wp\/v2\/users\/2"}],"replies":[{"embeddable":true,"href":"https:\/\/chaneltodaycancun.com\/index.php\/wp-json\/wp\/v2\/comments?post=5629"}],"version-history":[{"count":1,"href":"https:\/\/chaneltodaycancun.com\/index.php\/wp-json\/wp\/v2\/posts\/5629\/revisions"}],"predecessor-version":[{"id":5631,"href":"https:\/\/chaneltodaycancun.com\/index.php\/wp-json\/wp\/v2\/posts\/5629\/revisions\/5631"}],"wp:featuredmedia":[{"embeddable":true,"href":"https:\/\/chaneltodaycancun.com\/index.php\/wp-json\/wp\/v2\/media\/5630"}],"wp:attachment":[{"href":"https:\/\/chaneltodaycancun.com\/index.php\/wp-json\/wp\/v2\/media?parent=5629"}],"wp:term":[{"taxonomy":"category","embeddable":true,"href":"https:\/\/chaneltodaycancun.com\/index.php\/wp-json\/wp\/v2\/categories?post=5629"},{"taxonomy":"post_tag","embeddable":true,"href":"https:\/\/chaneltodaycancun.com\/index.php\/wp-json\/wp\/v2\/tags?post=5629"}],"curies":[{"name":"wp","href":"https:\/\/api.w.org\/{rel}","templated":true}]}}