{"id":5761,"date":"2021-06-30T11:14:56","date_gmt":"2021-06-30T11:14:56","guid":{"rendered":"https:\/\/chaneltodaycancun.com\/?p=5761"},"modified":"2021-06-29T12:22:08","modified_gmt":"2021-06-29T12:22:08","slug":"concentran-8-estados-el-57-4-de-los-feminicidios-en-mexico","status":"publish","type":"post","link":"https:\/\/chaneltodaycancun.com\/index.php\/2021\/06\/30\/concentran-8-estados-el-57-4-de-los-feminicidios-en-mexico\/","title":{"rendered":"Concentran 8 estados el 57.4% de los feminicidios en M\u00e9xico"},"content":{"rendered":"<p><strong>CIUDAD DE M\u00c9XICO.<\/strong>\u00a0El Gobierno de la Rep\u00fablica admiti\u00f3 que los feminicidios aumentaron en m\u00e1s de un 7 por ciento en todo el pa\u00eds en lo que va de este 2021 con relaci\u00f3n al mismo periodo del a\u00f1o pasado.<\/p>\n<p>Al ofrecer un reporte de las acciones que se llevan a cabo para prevenir y sancionar\u00a0las violencias contra las mujeres, la secretaria de Seguridad y Protecci\u00f3n Ciudadana (SSPC), Rosa Icela Rodr\u00edguez Vel\u00e1zquez, inform\u00f3 que el aumento de los feminicidios rebas\u00f3 el 7.1 por ciento al registrarse\u00a0de enero a mayo del 2021 un total de 423 v\u00edctimas.<\/p>\n<p>&#8220;Ocho entidades concentraron el 57.4 por ciento de las carpetas de investigaci\u00f3n\u00a0por este delito en el pa\u00eds. Destacar que en algunas entidades como la Ciudad de M\u00e9xico, toda carpeta de investigaci\u00f3n por homicidio cuya v\u00edctima es mujer, se inicia por feminicidio.<\/p>\n<p>\u201cSi revisamos la incidencia por cada 100 mil habitantes, el panorama\u00a0 nos muestra que ocho entidades concentran las\u00a0tasas m\u00e1s altas de feminicidio: Morelos, Sonora, Quintana Roo, Colima, Jalisco, San Luis Potos\u00ed, Sinaloa, y Chiapas&#8221;, detall\u00f3 en su intervenci\u00f3n Rodr\u00edguez Vel\u00e1zquez.<\/p>\n<p>En el caos de los municipios, la secretaria de seguridad dijo que 724 de ellos registran carpetas de investigaci\u00f3n\u00a0por este il\u00edcito y de los cuales 50 de ellos concentran el 38.5 de los casos, en tanto que cinco m\u00e1s tienen el 7.9 de las indagatorias. Se trata de los municipios de Culiac\u00e1n,\u00a0 Tijuana, Ju\u00e1rez, Guadalajara y Monterrey.<\/p>\n<p><iframe loading=\"lazy\" id=\"-UO6uai0HE8-youtube\" class=\"youtube-container st-swap-player\" title=\"YouTube video player\" src=\"https:\/\/www.youtube.com\/embed\/-UO6uai0HE8?autoplay=0&amp;controls=2&amp;rel=0&amp;embed_config=%7B%22adsConfig%22%3A%7B%22adTagParameters%22%3A%7B%22iu%22%3A%22%2F35139216%2FYouTube_Intrasitio%2FExcelsior_TV%22%2C%22cust_params%22%3A%22intereses%3DNoticias%2CRedes%20Sociales%2CDeportes%2CPresidencia%2CDinero%2CTecnolog%C3%ADa%2CPortada%2CTrending%2COpini%C3%B3n%26channel%3Dnacional%22%2C%22ppid%22%3A%22not_define%22%7D%7D%7D&amp;enablejsapi=1&amp;origin=https%3A%2F%2Fwww.excelsior.com.mx&amp;widgetid=1\" width=\"100%\" height=\"315\" frameborder=\"0\" allowfullscreen=\"allowfullscreen\" data-width=\"100%\" data-height=\"315\" data-youtubeid=\"-UO6uai0HE8\" data-mce-fragment=\"1\"><\/iframe><\/p>\n<p>Dentro del mismo informe sobre feminicidios en el pa\u00eds, la titular de la Comisi\u00f3n Nacional para Prevenir y Erradicar la Violencia contra las Mujeres (Conavim), Fabiola Alan\u00eds, precis\u00f3\u00a0 que entre enero y mayo del presente a\u00f1o, m\u00e1s de 100 mil mujeres han sido atendidas por primera vez en los Centros de Justicia para las Mujeres (CJM).<\/p>\n<p>La funcionaria precis\u00f3 que existen 55 CJM y en mayo se sumar\u00e1 uno m\u00e1s que estar\u00e1 ubicado en San Luis Potos\u00ed y a finales de 2021 estar\u00e1n disponibles instalaciones en siete estados: Campeche, Chihuahua, Ciudad de M\u00e9xico, Sonora, Tlaxcala, Durango y Michoac\u00e1n.<\/p>\n<p>Por su parte, Nadine Gasman, quien encabeza el Instituto Nacional de las Mujeres se\u00f1al\u00f3 que las mexicanas tienen tres grandes demandas:\u00a0acabar con las violencias que enfrentan en todos los espacios, gozar de autonom\u00eda econ\u00f3mica y\u00a0 redistribuir el trabajo del hogar.<\/p>\n<div class=\"media media-element-container media-default\"><img decoding=\"async\" class=\"img-fluid\" src=\"https:\/\/cdn2.excelsior.com.mx\/media\/inside-the-note\/pictures\/2021\/06\/29\/mapag.jpg\" width=\"800\" \/><\/div>\n<h3><strong>Ligan la violencia a v\u00ednculos con hampa<\/strong><\/h3>\n<p>El presidente Andr\u00e9s Manuel L\u00f3pez Obrador asever\u00f3 que los c\u00e1rteles de la droga surgieron en M\u00e9xico durante el periodo neoliberal y no en su gobierno.<\/p>\n<p>Seg\u00fan la \u00f3ptica presidencial, el modelo neoliberal auspici\u00f3 a organizaciones criminales, como \u201cel grupo Pac\u00edfico o del Golfo\u201d, al grado de que autoridades y criminalidad \u201cse entend\u00edan muy bien\u201d y en la actualidad la violencia que se vive en el pa\u00eds es producto de las viejas pr\u00e1cticas.<\/p>\n<p>\u201cPor qu\u00e9 tenemos todav\u00eda altos \u00edndices de homicidios? Porque se arraigaron las pr\u00e1cticas de violencia, se permiti\u00f3 la creaci\u00f3n de grupos que crecieron al amparo del poder, ah\u00ed est\u00e1 el caso del se\u00f1or Garc\u00eda Luna, que era el secretario de Seguridad P\u00fablica y estaba al servicio de uno de estos grupos. No surgieron estos grupos en estos dos a\u00f1os y medio que llevamos nosotros, el grupo Pac\u00edfico ya lleva su tiempo, el del Golfo tambi\u00e9n y su historia. \u00bfC\u00f3mo se constituyeron, el de Jalisco?, lo mismo; \u00bfel grupo de Guanajuato que tanta violencia genera? \u00bfCu\u00e1ndo se constituy\u00f3? Pues todos en el periodo neoliberal, porque hab\u00eda una asociaci\u00f3n delictuosa, porque se proteg\u00eda a los grupos, no hab\u00eda una separaci\u00f3n entre autoridad y delincuencia, adem\u00e1s, eran dos delincuencias, y se entend\u00edan bien, la llamada delincuencia organizada y la de cuello blanco\u201d, recalc\u00f3.<\/p>\n<p>Consider\u00f3 que por ese motivo tambi\u00e9n es relevante que la poblaci\u00f3n participe en la consulta del 1 de agosto.<\/p>\n<div class=\"twitter-tweet twitter-tweet-rendered\"><iframe id=\"twitter-widget-0\" class=\"\" title=\"Twitter Tweet\" src=\"https:\/\/platform.twitter.com\/embed\/Tweet.html?dnt=false&amp;embedId=twitter-widget-0&amp;features=eyJ0ZndfZXhwZXJpbWVudHNfY29va2llX2V4cGlyYXRpb24iOnsiYnVja2V0IjoxMjA5NjAwLCJ2ZXJzaW9uIjpudWxsfSwidGZ3X2hvcml6b25fdHdlZXRfZW1iZWRfOTU1NSI6eyJidWNrZXQiOiJodGUiLCJ2ZXJzaW9uIjpudWxsfSwidGZ3X3R3ZWV0X2VtYmVkX2NsaWNrYWJpbGl0eV8xMjEwMiI6eyJidWNrZXQiOiJjb250cm9sIiwidmVyc2lvbiI6bnVsbH19&amp;frame=false&amp;hideCard=false&amp;hideThread=false&amp;id=1409532111913095182&amp;lang=es&amp;origin=https%3A%2F%2Fwww.excelsior.com.mx%2Fnacional%2Fconcentran-8-estados-el-574-de-los-feminicidios-en-mexico%2F1457152&amp;sessionId=f7865c9e008d65927d5a152cc549bf33de225749&amp;siteScreenName=Excelsior&amp;theme=light&amp;widgetsVersion=82e1070%3A1619632193066&amp;width=550px\" frameborder=\"0\" scrolling=\"no\" allowfullscreen=\"allowfullscreen\" data-tweet-id=\"1409532111913095182\" data-mce-fragment=\"1\"><\/iframe><\/div>\n","protected":false},"excerpt":{"rendered":"<p>CIUDAD DE M\u00c9XICO.\u00a0El Gobierno de la Rep\u00fablica admiti\u00f3 que los feminicidios aumentaron en m\u00e1s de&#8230;<\/p>\n","protected":false},"author":2,"featured_media":5762,"comment_status":"closed","ping_status":"closed","sticky":false,"template":"","format":"standard","meta":{"footnotes":""},"categories":[37],"tags":[],"class_list":["post-5761","post","type-post","status-publish","format-standard","has-post-thumbnail","hentry","category-nacional"],"_links":{"self":[{"href":"https:\/\/chaneltodaycancun.com\/index.php\/wp-json\/wp\/v2\/posts\/5761","targetHints":{"allow":["GET"]}}],"collection":[{"href":"https:\/\/chaneltodaycancun.com\/index.php\/wp-json\/wp\/v2\/posts"}],"about":[{"href":"https:\/\/chaneltodaycancun.com\/index.php\/wp-json\/wp\/v2\/types\/post"}],"author":[{"embeddable":true,"href":"https:\/\/chaneltodaycancun.com\/index.php\/wp-json\/wp\/v2\/users\/2"}],"replies":[{"embeddable":true,"href":"https:\/\/chaneltodaycancun.com\/index.php\/wp-json\/wp\/v2\/comments?post=5761"}],"version-history":[{"count":1,"href":"https:\/\/chaneltodaycancun.com\/index.php\/wp-json\/wp\/v2\/posts\/5761\/revisions"}],"predecessor-version":[{"id":5763,"href":"https:\/\/chaneltodaycancun.com\/index.php\/wp-json\/wp\/v2\/posts\/5761\/revisions\/5763"}],"wp:featuredmedia":[{"embeddable":true,"href":"https:\/\/chaneltodaycancun.com\/index.php\/wp-json\/wp\/v2\/media\/5762"}],"wp:attachment":[{"href":"https:\/\/chaneltodaycancun.com\/index.php\/wp-json\/wp\/v2\/media?parent=5761"}],"wp:term":[{"taxonomy":"category","embeddable":true,"href":"https:\/\/chaneltodaycancun.com\/index.php\/wp-json\/wp\/v2\/categories?post=5761"},{"taxonomy":"post_tag","embeddable":true,"href":"https:\/\/chaneltodaycancun.com\/index.php\/wp-json\/wp\/v2\/tags?post=5761"}],"curies":[{"name":"wp","href":"https:\/\/api.w.org\/{rel}","templated":true}]}}