{"id":5788,"date":"2021-07-05T11:49:45","date_gmt":"2021-07-05T11:49:45","guid":{"rendered":"https:\/\/chaneltodaycancun.com\/?p=5788"},"modified":"2021-07-05T05:53:50","modified_gmt":"2021-07-05T05:53:50","slug":"en-quintana-roo-es-obligatorio-el-uso-de-cubrebocas-seguridad-publica","status":"publish","type":"post","link":"https:\/\/chaneltodaycancun.com\/index.php\/2021\/07\/05\/en-quintana-roo-es-obligatorio-el-uso-de-cubrebocas-seguridad-publica\/","title":{"rendered":"En Quintana Roo es obligatorio el uso de cubrebocas: Seguridad P\u00fablica"},"content":{"rendered":"<p>La\u00a0<strong>Secretar\u00eda de Seguridad P\u00fablica de Quintana Roo<\/strong>\u00a0indic\u00f3 que como parte de las acciones para prevenir una nueva ola de contagios de COVID,\u00a0<strong>en el estado es obligatorio el uso de cubrebocas<\/strong>.<\/p>\n<p>A trav\u00e9s de sus redes sociales, la dependencia destac\u00f3 que\u00a0<strong>cualquier ciudadano que se niegue a portar el cubrebocas<\/strong>\u00a0recibir\u00e1 una sanci\u00f3n de acuerdo con lo que marca la ley.<\/p>\n<blockquote><p><cite>&#8220;Como parte de las acciones para prevenir contagios por COVID-19, en #QuintanaRoo el uso de cubrebocas es obligatorio. Quien se niegue a cumplir con ello, ser\u00e1 sancionado&#8221;.<\/cite><\/p><\/blockquote>\n<div id=\"div-gpt-ad-inread-60e10fd364bd070013ed9573\" data-name=\"inread\" data-size=\"[[336,250], [300,250]]\" data-google-query-id=\"CKq8g6-ey_ECFQ5x6QodxKMNew\">\n<div id=\"google_ads_iframe_\/4334274\/inread_3__container__\">En el video subido a su cuenta de Facebook, Seguridad P\u00fablica justific\u00f3 estas medidas de acuerdo con lo publicado en el <strong>Peri\u00f3dico Oficial del Estado, Tomo III, n\u00famero 23 ordinario<\/strong>,\u00a0<strong>novena \u00e9poca<\/strong>, mismo que cita:<\/div>\n<\/div>\n<blockquote><p><cite>Art\u00edculo Cuarto:<\/cite><\/p>\n<p><cite>Se establece\u00a0<strong>el uso obligatorio de cubrebocas para todas las personas que se encuentren fuera de su domicilio<\/strong>\u00a0y a bordo de veh\u00edculos destinados al servicio p\u00fablico de transporte de pasajeros en cualquiera de sus clasificaciones y modalidades.<\/cite><\/p><\/blockquote>\n<p>La misma publicaci\u00f3n resalta el Art\u00edculo Octavo:<\/p>\n<blockquote>\n<div id=\"div-gpt-ad-inread-2-60e10fd364bd070013ed9573\" data-name=\"inread\" data-size=\"[[336,250], [300,250]]\" data-google-query-id=\"CO2hhK-ey_ECFdHZ4Qodj5AD0A\">\n<div id=\"google_ads_iframe_\/4334274\/inread_4__container__\">La persona que interfiera o se oponga a la implementaci\u00f3n de las presentes medidas de seguridad sanitaria, o que en rebeld\u00eda se niegue a cumplir los requerimientos y disposiciones de la autoridad competente provocando con ello un riesgo a la salud de las personas, <strong>ser\u00e1 sancionado en t\u00e9rmino de la Ley de Salud P\u00fablica del Estado de Quintana Roo<\/strong>.<\/div>\n<\/div>\n<\/blockquote>\n<p>En el caso de\u00a0<strong>Benito Ju\u00e1rez (Canc\u00fan)<\/strong>, el Bando de Gobierno y Polic\u00eda indica en su Art\u00edculo 537 que:<\/p>\n<blockquote><p><cite>Son faltas contra la salud y se sancionar\u00e1n con\u00a0<strong>multa de 10 a 50 d\u00edas de salario m\u00ednimo vigente<\/strong>\u00a0en la zona las siguientes:<\/cite><\/p>\n<div id=\"div-gpt-ad-inread-3-60e10fd364bd070013ed9573\" data-name=\"inread\" data-size=\"[[336,250], [300,250]]\" data-google-query-id=\"CNyjhK-ey_ECFdrk4QodRNEPPQ\">\n<div id=\"google_ads_iframe_\/4334274\/inread_5__container__\">Fracci\u00f3n XII: El no acatar los mandamientos y recomendaciones de las instancias competentes en casos de epidemia, pandemia o emergencias sanitarias federales, estatales o municipales.<\/div>\n<\/div>\n<\/blockquote>\n<p>Basado en esto, la\u00a0<strong>Polic\u00eda de Quintana Roo puede detener a las personas<\/strong>\u00a0en la calle para exhortarles a usar el cubrebocas y en caso de negarse, ser\u00e1n sancionadas como corresponde a la ley.<\/p>\n<p><iframe loading=\"lazy\" src=\"https:\/\/www.facebook.com\/plugins\/video.php?height=314&amp;href=https%3A%2F%2Fwww.facebook.com%2Fsspqroo%2Fvideos%2F1189239771552269%2F&amp;show_text=false&amp;width=560&amp;t=0\" width=\"560\" height=\"314\" frameborder=\"0\" scrolling=\"no\" allowfullscreen=\"allowfullscreen\" data-mce-fragment=\"1\"><\/iframe><\/p>\n<h2>Sigue la pandemia en Quintana Roo<\/h2>\n<div id=\"div-gpt-ad-inread-4-60e10fd364bd070013ed9573\" data-name=\"inread\" data-size=\"[[336,250], [300,250]]\" data-google-query-id=\"CI6-iq-ey_ECFboA0AQdbxYDDg\">\n<div id=\"google_ads_iframe_\/4334274\/inread_6__container__\">En <strong>Quintana Roo se tienen registrados en total 33 mil 858 casos positivos<\/strong>\u00a0de COVID-19, adem\u00e1s de 3 mil 049 defunciones por esta enfermedad.<\/div>\n<\/div>\n<p>Al d\u00eda de hoy,\u00a0<strong>259 personas se encuentran hospitalizadas<\/strong>\u00a0y 2 mil 353 en aislamiento social.<\/p>\n<div class=\"twitter-tweet twitter-tweet-rendered\"><iframe id=\"twitter-widget-0\" class=\"\" title=\"Twitter Tweet\" src=\"https:\/\/platform.twitter.com\/embed\/Tweet.html?creatorScreenName=novedadesqroo&amp;dnt=false&amp;embedId=twitter-widget-0&amp;features=eyJ0ZndfZXhwZXJpbWVudHNfY29va2llX2V4cGlyYXRpb24iOnsiYnVja2V0IjoxMjA5NjAwLCJ2ZXJzaW9uIjpudWxsfSwidGZ3X2hvcml6b25fdHdlZXRfZW1iZWRfOTU1NSI6eyJidWNrZXQiOiJodGUiLCJ2ZXJzaW9uIjpudWxsfSwidGZ3X3R3ZWV0X2VtYmVkX2NsaWNrYWJpbGl0eV8xMjEwMiI6eyJidWNrZXQiOiJjb250cm9sIiwidmVyc2lvbiI6bnVsbH19&amp;frame=false&amp;hideCard=false&amp;hideThread=false&amp;id=1411426612587945988&amp;lang=es&amp;origin=https%3A%2F%2Fsipse.com%2Fnovedades%2Fpandemia-problemas-salud-visual-menores-miopia-402780.html&amp;sessionId=92b30b02a6f1d045cfb7261d30508483bd7990fa&amp;siteScreenName=novedadesqroo&amp;theme=light&amp;widgetsVersion=82e1070%3A1619632193066&amp;width=550px\" frameborder=\"0\" scrolling=\"no\" allowfullscreen=\"allowfullscreen\" data-tweet-id=\"1411426612587945988\" data-mce-fragment=\"1\"><\/iframe><\/div>\n","protected":false},"excerpt":{"rendered":"<p>La\u00a0Secretar\u00eda de Seguridad P\u00fablica de Quintana Roo\u00a0indic\u00f3 que como parte de las acciones para prevenir&#8230;<\/p>\n","protected":false},"author":2,"featured_media":5789,"comment_status":"closed","ping_status":"closed","sticky":false,"template":"","format":"standard","meta":{"footnotes":""},"categories":[27],"tags":[],"class_list":["post-5788","post","type-post","status-publish","format-standard","has-post-thumbnail","hentry","category-local"],"_links":{"self":[{"href":"https:\/\/chaneltodaycancun.com\/index.php\/wp-json\/wp\/v2\/posts\/5788","targetHints":{"allow":["GET"]}}],"collection":[{"href":"https:\/\/chaneltodaycancun.com\/index.php\/wp-json\/wp\/v2\/posts"}],"about":[{"href":"https:\/\/chaneltodaycancun.com\/index.php\/wp-json\/wp\/v2\/types\/post"}],"author":[{"embeddable":true,"href":"https:\/\/chaneltodaycancun.com\/index.php\/wp-json\/wp\/v2\/users\/2"}],"replies":[{"embeddable":true,"href":"https:\/\/chaneltodaycancun.com\/index.php\/wp-json\/wp\/v2\/comments?post=5788"}],"version-history":[{"count":1,"href":"https:\/\/chaneltodaycancun.com\/index.php\/wp-json\/wp\/v2\/posts\/5788\/revisions"}],"predecessor-version":[{"id":5790,"href":"https:\/\/chaneltodaycancun.com\/index.php\/wp-json\/wp\/v2\/posts\/5788\/revisions\/5790"}],"wp:featuredmedia":[{"embeddable":true,"href":"https:\/\/chaneltodaycancun.com\/index.php\/wp-json\/wp\/v2\/media\/5789"}],"wp:attachment":[{"href":"https:\/\/chaneltodaycancun.com\/index.php\/wp-json\/wp\/v2\/media?parent=5788"}],"wp:term":[{"taxonomy":"category","embeddable":true,"href":"https:\/\/chaneltodaycancun.com\/index.php\/wp-json\/wp\/v2\/categories?post=5788"},{"taxonomy":"post_tag","embeddable":true,"href":"https:\/\/chaneltodaycancun.com\/index.php\/wp-json\/wp\/v2\/tags?post=5788"}],"curies":[{"name":"wp","href":"https:\/\/api.w.org\/{rel}","templated":true}]}}