{"id":5812,"date":"2021-07-13T11:02:07","date_gmt":"2021-07-13T11:02:07","guid":{"rendered":"https:\/\/chaneltodaycancun.com\/?p=5812"},"modified":"2021-07-13T04:09:31","modified_gmt":"2021-07-13T04:09:31","slug":"segunda-dosis-de-vacuna-covid-para-cuarentones-inicia-en-quintana-roo","status":"publish","type":"post","link":"https:\/\/chaneltodaycancun.com\/index.php\/2021\/07\/13\/segunda-dosis-de-vacuna-covid-para-cuarentones-inicia-en-quintana-roo\/","title":{"rendered":"Segunda dosis de vacuna COVID para cuarentones inicia en Quintana Roo"},"content":{"rendered":"<div id=\"limit-stiky-ad60ed087fa97325001457db19\" class=\"row\">\n<div class=\"col-xs-12 col-sm-12 col-md-8 col-lg-8\">\n<section id=\"limit-stiky-60ed087fa97325001457db19\" class=\"row\">\n<div class=\"col-xs-112 col-sm-10 col-md-10 col-lg-10\">\n<div class=\"row content-news-data-60ed087fa97325001457db19\">\n<div class=\"col-xs-12 col-sm-12 col-md-12 col-lg-12 cuerpo-nota\">\n<p>La jornada de\u00a0<strong>vacunaci\u00f3n de segunda dosis COVID<\/strong>\u00a0para los adultos de entre\u00a0<strong>40 y 49 a\u00f1os de edad<\/strong>\u00a0inicia en Quintana Roo.<\/p>\n<p>De acuerdo con la Secretar\u00eda del Bienestar en Quintana Roo, el primer municipio en el que se\u00a0<strong>vacunar\u00e1 a los cuarentones ser\u00e1 Isla Mujeres<\/strong>.<\/p>\n<p>La jornada de vacunaci\u00f3n con la dosis de Pfizer iniciar\u00e1 el\u00a0<strong>martes 13 de julio y concluir\u00e1 el viernes 16 de julio de 2021.<\/strong><\/p>\n<div id=\"div-gpt-ad-inread-60ed087fa97325001457db19\" data-name=\"inread\" data-size=\"[[336,250], [300,250]]\" data-google-query-id=\"CMKBpMqV3_ECFRXXhgodn3cNdA\">\n<div id=\"google_ads_iframe_\/4334274\/inread_3__container__\">La vacunaci\u00f3n para los adultos de entre 40 y 49 a\u00f1os de edad se realizar\u00e1 de la siguiente manera:<\/div>\n<\/div>\n<ul>\n<li>Martes 13 de julio, personas de 49, 48 y 47 a\u00f1os de edad.<\/li>\n<li>Mi\u00e9rcoles 14 de julio, personas de 46, 45 y 44 a\u00f1os.<\/li>\n<li>Jueves 15 de julio, personas de 43, 42 y 41 a\u00f1os.<\/li>\n<li>Viernes 16 de julio, personas de 40 a\u00f1os y rezagados.<\/li>\n<\/ul>\n<p>La vacunaci\u00f3n se llevar\u00e1 a cabo de 8 a 18 horas en el\u00a0<strong>Domo Bicentenario.<\/strong><\/p>\n<div class=\"media-caption\"><a class=\"magnific-gallery-item\" title=\"Segunda dosis de vacuna COVID para cuarentones inicia en Quintana Roo.\" href=\"https:\/\/images.sipse.com\/aAKxyfJ8FpIf3j7HscEX3OYL-S0=\/fit-in\/900x500\/2021\/07\/13\/1626146925816.jpg\" data-fancybox=\"gallery-60ed087fa97325001457db19\" data-options=\"{&quot;hash&quot;:false}\"><img decoding=\"async\" class=\"img-responsive center-block\" src=\"https:\/\/images.sipse.com\/7-bWWqA57sDUZZHd0P19iVV9pmY=\/fit-in\/580x500\/2021\/07\/13\/1626146925816.jpg\" \/><\/a><\/p>\n<div class=\"content-caption\">Segunda dosis de vacuna COVID para cuarentones inicia en Quintana Roo.<\/div>\n<\/div>\n<p><iframe loading=\"lazy\" src=\"https:\/\/www.facebook.com\/plugins\/post.php?href=https%3A%2F%2Fwww.facebook.com%2Fdelfeqroo%2Fposts%2F989989018421444&amp;show_text=true&amp;width=500\" width=\"500\" height=\"657\" frameborder=\"0\" scrolling=\"no\" allowfullscreen=\"allowfullscreen\" data-mce-fragment=\"1\"><\/iframe><\/p>\n<h2>\u00bfQu\u00e9 requisitos necesito para la segunda dosis?<\/h2>\n<div id=\"div-gpt-ad-inread-2-60ed087fa97325001457db19\" data-name=\"inread\" data-size=\"[[336,250], [300,250]]\" data-google-query-id=\"CI6EpMqV3_ECFceBWgUdpAkJhQ\">\n<div id=\"google_ads_iframe_\/4334274\/inread_4__container__\">Copia de la CURP<\/div>\n<\/div>\n<p>Comprobante de domicilio<\/p>\n<p>Expediente de vacunaci\u00f3n impreso con QR.<\/p>\n<div id=\"div-gpt-ad-inread-3-60ed087fa97325001457db19\" data-name=\"inread\" data-size=\"[[336,250], [300,250]]\" data-google-query-id=\"COmfpMqV3_ECFXqFWgUdsTcJlQ\">\n<div id=\"google_ads_iframe_\/4334274\/inread_5__container__\">Presentar el comprobante de la primera dosis.<\/div>\n<\/div>\n<\/div>\n<\/div>\n<\/div>\n<\/section>\n<\/div>\n<\/div>\n","protected":false},"excerpt":{"rendered":"<p>La jornada de\u00a0vacunaci\u00f3n de segunda dosis COVID\u00a0para los adultos de entre\u00a040 y 49 a\u00f1os de&#8230;<\/p>\n","protected":false},"author":2,"featured_media":5813,"comment_status":"closed","ping_status":"closed","sticky":false,"template":"","format":"standard","meta":{"footnotes":""},"categories":[27],"tags":[],"class_list":["post-5812","post","type-post","status-publish","format-standard","has-post-thumbnail","hentry","category-local"],"_links":{"self":[{"href":"https:\/\/chaneltodaycancun.com\/index.php\/wp-json\/wp\/v2\/posts\/5812","targetHints":{"allow":["GET"]}}],"collection":[{"href":"https:\/\/chaneltodaycancun.com\/index.php\/wp-json\/wp\/v2\/posts"}],"about":[{"href":"https:\/\/chaneltodaycancun.com\/index.php\/wp-json\/wp\/v2\/types\/post"}],"author":[{"embeddable":true,"href":"https:\/\/chaneltodaycancun.com\/index.php\/wp-json\/wp\/v2\/users\/2"}],"replies":[{"embeddable":true,"href":"https:\/\/chaneltodaycancun.com\/index.php\/wp-json\/wp\/v2\/comments?post=5812"}],"version-history":[{"count":1,"href":"https:\/\/chaneltodaycancun.com\/index.php\/wp-json\/wp\/v2\/posts\/5812\/revisions"}],"predecessor-version":[{"id":5814,"href":"https:\/\/chaneltodaycancun.com\/index.php\/wp-json\/wp\/v2\/posts\/5812\/revisions\/5814"}],"wp:featuredmedia":[{"embeddable":true,"href":"https:\/\/chaneltodaycancun.com\/index.php\/wp-json\/wp\/v2\/media\/5813"}],"wp:attachment":[{"href":"https:\/\/chaneltodaycancun.com\/index.php\/wp-json\/wp\/v2\/media?parent=5812"}],"wp:term":[{"taxonomy":"category","embeddable":true,"href":"https:\/\/chaneltodaycancun.com\/index.php\/wp-json\/wp\/v2\/categories?post=5812"},{"taxonomy":"post_tag","embeddable":true,"href":"https:\/\/chaneltodaycancun.com\/index.php\/wp-json\/wp\/v2\/tags?post=5812"}],"curies":[{"name":"wp","href":"https:\/\/api.w.org\/{rel}","templated":true}]}}