{"id":5865,"date":"2021-07-30T11:44:03","date_gmt":"2021-07-30T11:44:03","guid":{"rendered":"https:\/\/chaneltodaycancun.com\/?p=5865"},"modified":"2021-07-30T03:28:46","modified_gmt":"2021-07-30T03:28:46","slug":"hallan-en-cancun-a-adolescente-desaparecida-de-la-ciudad-de-mexico","status":"publish","type":"post","link":"https:\/\/chaneltodaycancun.com\/index.php\/2021\/07\/30\/hallan-en-cancun-a-adolescente-desaparecida-de-la-ciudad-de-mexico\/","title":{"rendered":"Hallan en Canc\u00fan a adolescente desaparecida de la Ciudad de M\u00e9xico"},"content":{"rendered":"<p><img loading=\"lazy\" decoding=\"async\" class=\"alignnone size-medium wp-image-51333 retina-off lazyloaded\" src=\"https:\/\/noticiascancun.mx\/wp-content\/uploads\/2021\/07\/52e311bd-80e2-441d-97d6-a6ab7962d20f-300x270.jpg\" sizes=\"auto, (max-width: 300px) 100vw, 300px\" srcset=\"https:\/\/noticiascancun.mx\/wp-content\/uploads\/2021\/07\/52e311bd-80e2-441d-97d6-a6ab7962d20f-300x270.jpg 300w, https:\/\/noticiascancun.mx\/wp-content\/uploads\/2021\/07\/52e311bd-80e2-441d-97d6-a6ab7962d20f-768x692.jpg 768w, https:\/\/noticiascancun.mx\/wp-content\/uploads\/2021\/07\/52e311bd-80e2-441d-97d6-a6ab7962d20f-480x432.jpg 480w, https:\/\/noticiascancun.mx\/wp-content\/uploads\/2021\/07\/52e311bd-80e2-441d-97d6-a6ab7962d20f-555x500.jpg 555w, https:\/\/noticiascancun.mx\/wp-content\/uploads\/2021\/07\/52e311bd-80e2-441d-97d6-a6ab7962d20f.jpg 875w\" alt=\"\" width=\"300\" height=\"270\" data-srcset=\"https:\/\/noticiascancun.mx\/wp-content\/uploads\/2021\/07\/52e311bd-80e2-441d-97d6-a6ab7962d20f-300x270.jpg 300w, https:\/\/noticiascancun.mx\/wp-content\/uploads\/2021\/07\/52e311bd-80e2-441d-97d6-a6ab7962d20f-768x692.jpg 768w, https:\/\/noticiascancun.mx\/wp-content\/uploads\/2021\/07\/52e311bd-80e2-441d-97d6-a6ab7962d20f-480x432.jpg 480w, https:\/\/noticiascancun.mx\/wp-content\/uploads\/2021\/07\/52e311bd-80e2-441d-97d6-a6ab7962d20f-555x500.jpg 555w, https:\/\/noticiascancun.mx\/wp-content\/uploads\/2021\/07\/52e311bd-80e2-441d-97d6-a6ab7962d20f.jpg 875w\" data-src=\"https:\/\/noticiascancun.mx\/wp-content\/uploads\/2021\/07\/52e311bd-80e2-441d-97d6-a6ab7962d20f-300x270.jpg\" data-sizes=\"(max-width: 300px) 100vw, 300px\" \/><\/p>\n<p>Canc\u00fan.- Una joven de 15 a\u00f1os, quien desapareci\u00f3 en la Ciudad de M\u00e9xico, fue hallada hoy en un domicilio de Canc\u00fan, en compa\u00f1\u00eda de un hombre que no era de su familia.<br \/>\nUna llamada an\u00f3nima al 911 denunci\u00f3 la presencia de una menor de edad en una casa en la Regi\u00f3n 251 de Canc\u00fan, misma que pudiera estar en peligro, por lo que al lugar acudieron agentes policiacos asignados al Grupo Especial de Atenci\u00f3n a la Violencia (GEAVI).<\/p>\n<p>Los polic\u00edas entrevistaron a la adolescente, descubriendo que contaba con una alerta amber activa, en la Ciudad de M\u00e9xico, por lo que la resguardaron y llevaron a la Fiscal\u00eda General del Estado.<br \/>\nLas autoridades contactaron a la madre de la menor en la Ciudad de M\u00e9xico, quien en videollamada confirm\u00f3 que se trataba de su hija, por lo que viaj\u00f3 hasta Canc\u00fan para reencontrarse con ella.<\/p>\n","protected":false},"excerpt":{"rendered":"<p>Canc\u00fan.- Una joven de 15 a\u00f1os, quien desapareci\u00f3 en la Ciudad de M\u00e9xico, fue hallada&#8230;<\/p>\n","protected":false},"author":2,"featured_media":5866,"comment_status":"closed","ping_status":"closed","sticky":false,"template":"","format":"standard","meta":{"footnotes":""},"categories":[27],"tags":[],"class_list":["post-5865","post","type-post","status-publish","format-standard","has-post-thumbnail","hentry","category-local"],"_links":{"self":[{"href":"https:\/\/chaneltodaycancun.com\/index.php\/wp-json\/wp\/v2\/posts\/5865","targetHints":{"allow":["GET"]}}],"collection":[{"href":"https:\/\/chaneltodaycancun.com\/index.php\/wp-json\/wp\/v2\/posts"}],"about":[{"href":"https:\/\/chaneltodaycancun.com\/index.php\/wp-json\/wp\/v2\/types\/post"}],"author":[{"embeddable":true,"href":"https:\/\/chaneltodaycancun.com\/index.php\/wp-json\/wp\/v2\/users\/2"}],"replies":[{"embeddable":true,"href":"https:\/\/chaneltodaycancun.com\/index.php\/wp-json\/wp\/v2\/comments?post=5865"}],"version-history":[{"count":1,"href":"https:\/\/chaneltodaycancun.com\/index.php\/wp-json\/wp\/v2\/posts\/5865\/revisions"}],"predecessor-version":[{"id":5867,"href":"https:\/\/chaneltodaycancun.com\/index.php\/wp-json\/wp\/v2\/posts\/5865\/revisions\/5867"}],"wp:featuredmedia":[{"embeddable":true,"href":"https:\/\/chaneltodaycancun.com\/index.php\/wp-json\/wp\/v2\/media\/5866"}],"wp:attachment":[{"href":"https:\/\/chaneltodaycancun.com\/index.php\/wp-json\/wp\/v2\/media?parent=5865"}],"wp:term":[{"taxonomy":"category","embeddable":true,"href":"https:\/\/chaneltodaycancun.com\/index.php\/wp-json\/wp\/v2\/categories?post=5865"},{"taxonomy":"post_tag","embeddable":true,"href":"https:\/\/chaneltodaycancun.com\/index.php\/wp-json\/wp\/v2\/tags?post=5865"}],"curies":[{"name":"wp","href":"https:\/\/api.w.org\/{rel}","templated":true}]}}