{"id":5944,"date":"2021-08-27T11:15:30","date_gmt":"2021-08-27T11:15:30","guid":{"rendered":"https:\/\/chaneltodaycancun.com\/?p=5944"},"modified":"2021-08-27T05:19:27","modified_gmt":"2021-08-27T05:19:27","slug":"cancun-fuerte-choque-deja-7-lesionados-en-prado-norte","status":"publish","type":"post","link":"https:\/\/chaneltodaycancun.com\/index.php\/2021\/08\/27\/cancun-fuerte-choque-deja-7-lesionados-en-prado-norte\/","title":{"rendered":"Canc\u00fan: Fuerte choque deja 7 lesionados en Prado Norte"},"content":{"rendered":"<p><strong>Fuerte choque deja 7 lesionados en Prado Norte.\u00a0<\/strong>Un saldo de siete personas lesionadas fue lo que dej\u00f3 esta ma\u00f1ana un fuerte choque entre una Van del servicio p\u00fablico de pasajeros y un veh\u00edculo particular, en el fraccionamiento Prado Norte en la Supermanzana 260 de Canc\u00fan.<\/p>\n<div class=\"afw afw_custom  afw_ad afwadid-267205  \" data-ad-id=\"267205\">\n<div id=\"div-gpt-ad-1629502256186-0\" data-google-query-id=\"COnQyNq50PICFcyHgwgd94kJZg\">\n<div id=\"google_ads_iframe_\/121287434\/web750_0__container__\">Los hechos se registraron en la avenida 3, manzana 45 en donde se vieron involucradas una Van de Transporte Terrestre Estatal (TTE) y un veh\u00edculo Toyota, modelo Avanza.<\/div>\n<\/div>\n<\/div>\n<p>De acuerdo con testigos, la unidad de TTE, con n\u00famero econ\u00f3mico 189, ruta 44 (Prado Norte-Plaza Las Am\u00e9ricas), transitaba a exceso de velocidad por la avenida 3, cuando al llegar al cruce con la calle Kanlol, impact\u00f3 por uno de los costados a la Toyota Avanza.<\/p>\n<div id=\"attachment_309834\" class=\"wp-caption aligncenter\"><img loading=\"lazy\" decoding=\"async\" class=\"size-full wp-image-309834\" src=\"https:\/\/turquesanews.mx\/wp-content\/uploads\/2021\/08\/WhatsApp-Image-2021-08-26-at-11.22.50-AM.jpeg\" sizes=\"auto, (max-width: 987px) 100vw, 987px\" srcset=\"https:\/\/turquesanews.mx\/wp-content\/uploads\/2021\/08\/WhatsApp-Image-2021-08-26-at-11.22.50-AM.jpeg 987w, https:\/\/turquesanews.mx\/wp-content\/uploads\/2021\/08\/WhatsApp-Image-2021-08-26-at-11.22.50-AM-300x225.jpeg 300w, https:\/\/turquesanews.mx\/wp-content\/uploads\/2021\/08\/WhatsApp-Image-2021-08-26-at-11.22.50-AM-768x576.jpeg 768w\" alt=\"Canc\u00fan: Fuerte choque deja 7 lesionados en Prado Norte; el exceso de velocidad y la imprudencia se conjugaron para un percance vial.\" width=\"987\" height=\"740\" aria-describedby=\"caption-attachment-309834\" \/><\/p>\n<p id=\"caption-attachment-309834\" class=\"wp-caption-text\">Canc\u00fan: Fuerte choque deja 7 lesionados en Prado Norte; el exceso de velocidad y la imprudencia se conjugaron para un percance vial.<\/p>\n<\/div>\n<p>En la unidad del servicio p\u00fablico de pasajeros viajaban seis personas, de las cuales cinco sufrieron golpes \u00a0contusos y una m\u00e1s con fractura del brazo izquierdo.<\/p>\n<p>En tanto el conductor del Toyota Avanza result\u00f3 con golpes severos en el t\u00f3rax.<\/p>\n<p><img loading=\"lazy\" decoding=\"async\" class=\"aligncenter size-full wp-image-309835\" src=\"https:\/\/turquesanews.mx\/wp-content\/uploads\/2021\/08\/WhatsApp-Image-2021-08-26-at-11.22.49-AM.jpeg\" sizes=\"auto, (max-width: 555px) 100vw, 555px\" srcset=\"https:\/\/turquesanews.mx\/wp-content\/uploads\/2021\/08\/WhatsApp-Image-2021-08-26-at-11.22.49-AM.jpeg 555w, https:\/\/turquesanews.mx\/wp-content\/uploads\/2021\/08\/WhatsApp-Image-2021-08-26-at-11.22.49-AM-225x300.jpeg 225w\" alt=\"\" width=\"555\" height=\"740\" \/><\/p>\n<p><img loading=\"lazy\" decoding=\"async\" class=\"aligncenter size-full wp-image-309836\" src=\"https:\/\/turquesanews.mx\/wp-content\/uploads\/2021\/08\/WhatsApp-Image-2021-08-26-at-11.22.50-AM-3.jpeg\" sizes=\"auto, (max-width: 987px) 100vw, 987px\" srcset=\"https:\/\/turquesanews.mx\/wp-content\/uploads\/2021\/08\/WhatsApp-Image-2021-08-26-at-11.22.50-AM-3.jpeg 987w, https:\/\/turquesanews.mx\/wp-content\/uploads\/2021\/08\/WhatsApp-Image-2021-08-26-at-11.22.50-AM-3-300x225.jpeg 300w, https:\/\/turquesanews.mx\/wp-content\/uploads\/2021\/08\/WhatsApp-Image-2021-08-26-at-11.22.50-AM-3-768x576.jpeg 768w\" alt=\"\" width=\"987\" height=\"740\" \/><\/p>\n<p>Al lugar llegaron ambulancias de la Cruz Roja y de CMR, as\u00ed como elementos de la Direcci\u00f3n de Tr\u00e1nsito para hacerse cargo del caso.<\/p>\n<p>Los lesionados fueron trasladados a diferentes hospitales para su atenci\u00f3n m\u00e9dica y el Departamento de Peritos Tr\u00e1nsito realiza la din\u00e1mica del accidente para el deslinde de responsabilidades.<\/p>\n","protected":false},"excerpt":{"rendered":"<p>Fuerte choque deja 7 lesionados en Prado Norte.\u00a0Un saldo de siete personas lesionadas fue lo&#8230;<\/p>\n","protected":false},"author":2,"featured_media":5945,"comment_status":"closed","ping_status":"closed","sticky":false,"template":"","format":"standard","meta":{"footnotes":""},"categories":[27],"tags":[],"class_list":["post-5944","post","type-post","status-publish","format-standard","has-post-thumbnail","hentry","category-local"],"_links":{"self":[{"href":"https:\/\/chaneltodaycancun.com\/index.php\/wp-json\/wp\/v2\/posts\/5944","targetHints":{"allow":["GET"]}}],"collection":[{"href":"https:\/\/chaneltodaycancun.com\/index.php\/wp-json\/wp\/v2\/posts"}],"about":[{"href":"https:\/\/chaneltodaycancun.com\/index.php\/wp-json\/wp\/v2\/types\/post"}],"author":[{"embeddable":true,"href":"https:\/\/chaneltodaycancun.com\/index.php\/wp-json\/wp\/v2\/users\/2"}],"replies":[{"embeddable":true,"href":"https:\/\/chaneltodaycancun.com\/index.php\/wp-json\/wp\/v2\/comments?post=5944"}],"version-history":[{"count":1,"href":"https:\/\/chaneltodaycancun.com\/index.php\/wp-json\/wp\/v2\/posts\/5944\/revisions"}],"predecessor-version":[{"id":5946,"href":"https:\/\/chaneltodaycancun.com\/index.php\/wp-json\/wp\/v2\/posts\/5944\/revisions\/5946"}],"wp:featuredmedia":[{"embeddable":true,"href":"https:\/\/chaneltodaycancun.com\/index.php\/wp-json\/wp\/v2\/media\/5945"}],"wp:attachment":[{"href":"https:\/\/chaneltodaycancun.com\/index.php\/wp-json\/wp\/v2\/media?parent=5944"}],"wp:term":[{"taxonomy":"category","embeddable":true,"href":"https:\/\/chaneltodaycancun.com\/index.php\/wp-json\/wp\/v2\/categories?post=5944"},{"taxonomy":"post_tag","embeddable":true,"href":"https:\/\/chaneltodaycancun.com\/index.php\/wp-json\/wp\/v2\/tags?post=5944"}],"curies":[{"name":"wp","href":"https:\/\/api.w.org\/{rel}","templated":true}]}}