{"id":5954,"date":"2021-08-31T11:18:30","date_gmt":"2021-08-31T11:18:30","guid":{"rendered":"https:\/\/chaneltodaycancun.com\/?p=5954"},"modified":"2021-08-31T03:30:27","modified_gmt":"2021-08-31T03:30:27","slug":"conmemoran-en-cancun-dia-internacional-de-victimas-de-desaparicion-forzada","status":"publish","type":"post","link":"https:\/\/chaneltodaycancun.com\/index.php\/2021\/08\/31\/conmemoran-en-cancun-dia-internacional-de-victimas-de-desaparicion-forzada\/","title":{"rendered":"Conmemoran en Canc\u00fan, D\u00eda Internacional de V\u00edctimas de Desaparici\u00f3n Forzada"},"content":{"rendered":"<p><strong>Canc\u00fan.-<\/strong>\u00a0Integrantes de la sociedad civil realizaron una manifestaci\u00f3n pac\u00edfica en la Plaza de la Reforma en para conmemorar el D\u00eda Internacional de V\u00edctimas de Desaparici\u00f3n Forzada.<\/p>\n<p>En entrevista, Ludovico Armando Zamora Herrera, vocero del Colectivo \u201cVerdad, Memoria y Justicia\u201d, explica que la movilizaci\u00f3n es para recordar a los desaparecidos que se tienen en Quintana Roo.<\/p>\n<p>A\u00f1adi\u00f3 que al igual que en muchas plazas de M\u00e9xico y el mundo, hoy se recuerda a los desaparecidos y sus familias, como muestra de solidaridad ante un problema que existe en todos lados, sin que se tenga excepci\u00f3n en Quintana Roo.<\/p>\n<p>Record\u00f3 que como colectivo debidamente conformado buscan una mayor participaci\u00f3n con el gobierno, autoridades y organizaciones no gubernamentales para buscar a las personas.<\/p>\n<p>De acuerdo con informaci\u00f3n que proporcion\u00f3, de 2017 a la fecha tienen ficha de registro de m\u00e1s de 2,100 personas desaparecidas, que por fortuna llegan a encontrarlas, pero que a \u00faltimas fechas se tiene un incremento de ni\u00f1os, ni\u00f1as y adolescentes.<\/p>\n","protected":false},"excerpt":{"rendered":"<p>Canc\u00fan.-\u00a0Integrantes de la sociedad civil realizaron una manifestaci\u00f3n pac\u00edfica en la Plaza de la Reforma&#8230;<\/p>\n","protected":false},"author":2,"featured_media":5955,"comment_status":"closed","ping_status":"closed","sticky":false,"template":"","format":"standard","meta":{"footnotes":""},"categories":[27],"tags":[],"class_list":["post-5954","post","type-post","status-publish","format-standard","has-post-thumbnail","hentry","category-local"],"_links":{"self":[{"href":"https:\/\/chaneltodaycancun.com\/index.php\/wp-json\/wp\/v2\/posts\/5954","targetHints":{"allow":["GET"]}}],"collection":[{"href":"https:\/\/chaneltodaycancun.com\/index.php\/wp-json\/wp\/v2\/posts"}],"about":[{"href":"https:\/\/chaneltodaycancun.com\/index.php\/wp-json\/wp\/v2\/types\/post"}],"author":[{"embeddable":true,"href":"https:\/\/chaneltodaycancun.com\/index.php\/wp-json\/wp\/v2\/users\/2"}],"replies":[{"embeddable":true,"href":"https:\/\/chaneltodaycancun.com\/index.php\/wp-json\/wp\/v2\/comments?post=5954"}],"version-history":[{"count":1,"href":"https:\/\/chaneltodaycancun.com\/index.php\/wp-json\/wp\/v2\/posts\/5954\/revisions"}],"predecessor-version":[{"id":5956,"href":"https:\/\/chaneltodaycancun.com\/index.php\/wp-json\/wp\/v2\/posts\/5954\/revisions\/5956"}],"wp:featuredmedia":[{"embeddable":true,"href":"https:\/\/chaneltodaycancun.com\/index.php\/wp-json\/wp\/v2\/media\/5955"}],"wp:attachment":[{"href":"https:\/\/chaneltodaycancun.com\/index.php\/wp-json\/wp\/v2\/media?parent=5954"}],"wp:term":[{"taxonomy":"category","embeddable":true,"href":"https:\/\/chaneltodaycancun.com\/index.php\/wp-json\/wp\/v2\/categories?post=5954"},{"taxonomy":"post_tag","embeddable":true,"href":"https:\/\/chaneltodaycancun.com\/index.php\/wp-json\/wp\/v2\/tags?post=5954"}],"curies":[{"name":"wp","href":"https:\/\/api.w.org\/{rel}","templated":true}]}}