{"id":7550,"date":"2022-02-14T20:53:47","date_gmt":"2022-02-14T20:53:47","guid":{"rendered":"https:\/\/chaneltodaycancun.com\/?p=7550"},"modified":"2022-02-14T20:53:49","modified_gmt":"2022-02-14T20:53:49","slug":"espana-prefiere-acelerar-las-relaciones-con-mexico-en-vez-de-pausarlas","status":"publish","type":"post","link":"https:\/\/chaneltodaycancun.com\/index.php\/2022\/02\/14\/espana-prefiere-acelerar-las-relaciones-con-mexico-en-vez-de-pausarlas\/","title":{"rendered":"Espa\u00f1a prefiere acelerar las relaciones con M\u00e9xico en vez de pausarlas"},"content":{"rendered":"<p>El ministro de Asuntos Exteriores, Uni\u00f3n Europea y Cooperaci\u00f3n espa\u00f1ol, Jos\u00e9 Manuel Albares, descarta medidas adicionales como la llamada a consultas del embajador espa\u00f1ol en M\u00e9xico.<\/p>\n<p>El ministro de Asuntos Exteriores, Uni\u00f3n Europea y Cooperaci\u00f3n espa\u00f1ol,\u00a0<strong>Jos\u00e9 Manuel Albares<\/strong>, ha asegurado este lunes que la relaci\u00f3n con M\u00e9xico es buena y m\u00e1s que pausarla, como ha planteado el presidente\u00a0<strong>Andr\u00e9s Manuel L\u00f3pez Obrador<\/strong>, lo que hay que hacer es &#8220;acelerarla&#8221;.<\/p>\n<p>Como ya hiciera su departamento en un comunicado el jueves pasado, el ministro espa\u00f1ol ha insistido en el rechazo tajante a las &#8220;palabras injustificadas&#8221; del presidente mexicano,\u00a0que abog\u00f3 por una &#8220;pausa&#8221; en la relaci\u00f3n\u00a0y arremeti\u00f3 duramente contra Espa\u00f1a y contra las empresas espa\u00f1olas, a las que acus\u00f3 de saquear su pa\u00eds.<\/p>\n<p>Preguntado expresamente sobre si el Gobierno sopesa llamar a consultas a su embajador en M\u00e9xico, Albares asegur\u00f3\u00a0que no se est\u00e1 &#8220;barajando ninguna otra medida&#8221; puesto que &#8220;las relaciones son buenas&#8221;, si bien ha dejado claro a L\u00f3pez Obrador que &#8220;el Gobierno va a defender a sus ciudadanos y empresas y el buen nombre de Espa\u00f1a ante cualquiera y en cualquier situaci\u00f3n&#8221;.<\/p>\n<p>&#8220;En estos momentos esas relaciones no est\u00e1n pidiendo una pausa, est\u00e1n pidiendo que los gobiernos acompa\u00f1emos lo que no deja de ser una aceleraci\u00f3n a\u00f1o a a\u00f1o desde hace 15 o 20 a\u00f1os&#8221;, ha sostenido, poniendo en valor que hay 7,000 empresas espa\u00f1olas en M\u00e9xico que generan 300,000 empleos directos y un mill\u00f3n indirectos.<\/p>\n<p>Tambi\u00e9n hay cada vez m\u00e1s una\u00a0presencia de empresas mexicanas en Espa\u00f1a, con 25,000 millones de euros en inversi\u00f3n, a\u00f1adi\u00f3, incidiendo en que hay m\u00e1s de 175,000 espa\u00f1oles que viven en M\u00e9xico y cerca de 30.000 mexicanos que residen en territorio espa\u00f1ol.<\/p>\n<h2>Hay que acelerar la relaci\u00f3n<\/h2>\n<p>&#8220;Tanto por nuestro pasado com\u00fan, con ese idioma com\u00fan y esos lazos culturales, como por nuestro presente y nuestro futuro lo que tenemos que hacer es acelerar nuestras relaciones&#8221;, ha reivindicado Albares, que ha aclarado que en su opini\u00f3n, tras haber hablado con el canciller mexicano,\u00a0<strong>Marcelo Ebrard<\/strong>, &#8220;estamos todos de acuerdo en transitar por ah\u00ed&#8221;.<\/p>\n<p>El presidente mexicano, que ha mantenido desde su llegada al cargo una tensa relaci\u00f3n con Espa\u00f1a, se mostr\u00f3 partidario el mi\u00e9rcoles pasado de una &#8220;pausa&#8221;,\u00a0para aclarar al d\u00eda siguiente que con ello no se refer\u00eda a romper relaciones.<\/p>\n<p>&#8220;No habl\u00e9 de ruptura&#8221;, puntualiz\u00f3 el mandatario, partidario de &#8220;serenar la relaci\u00f3n&#8221; para que Espa\u00f1a asuma que no se puede &#8220;saquear M\u00e9xico impunemente&#8221;. &#8220;Deber\u00edan ofrecer hasta disculpa. No lo han hecho, no importa, pero vamos a entrar en una etapa nueva, despacio&#8221;, aleg\u00f3.<\/p>\n<p><strong>AMLO<\/strong>\u00a0se ha mostrado muy cr\u00edtico con el legado colonial espa\u00f1ol, exigiendo en varias ocasiones que Espa\u00f1a se disculpe por ello. En este sentido, remiti\u00f3 en marzo de 2019 una\u00a0<strong>carta al Rey Felipe VI<\/strong>\u00a0reclamando que &#8220;el Estado espa\u00f1ol admita su responsabilidad hist\u00f3rica&#8221; por las ofensas cometidas durante la conquista y &#8220;ofrezca las disculpas o resarcimientos pol\u00edticos que convengan&#8221;.<\/p>\n<p>Hace unas semanas, sin embargo, sostuvo que las relaciones &#8220;est\u00e1n bien&#8221;, aunque reconoci\u00f3 que hab\u00eda habido &#8220;discrepancias&#8221; y de hecho &#8220;las sigue habiendo&#8221;. En este sentido, se refiri\u00f3 al hecho de que nunca hubo una respuesta a su carta al Rey.<\/p>\n<p>&#8220;Lo tomaron a mal y ni siquiera me respondieron la carta&#8221;, se\u00f1al\u00f3, lamentando el que el Gobierno no hubiera aceptado &#8220;ofrecer una disculpa para reiniciar una etapa nueva&#8221;. &#8220;Sin embargo, pues eso ya pas\u00f3, cada quien que asuma su responsabilidad&#8221;, manifest\u00f3, si bien consider\u00f3 que el &#8220;perd\u00f3n&#8221; es algo importante y &#8220;pudo ayudar mucho&#8221;.<\/p>\n<p>El Gobierno, por su parte, ha minimizado en todo momento las cr\u00edticas, que ha llegado a enmarcar en &#8220;los debates internos&#8221; del pa\u00eds azteca, y ha reconocido la importancia de la relaci\u00f3n con M\u00e9xico, &#8220;un socio estrat\u00e9gico&#8221;, pero tambi\u00e9n ha dejado claro que no se disculpar\u00e1 por el pasado.<\/p>\n","protected":false},"excerpt":{"rendered":"<p>El ministro de Asuntos Exteriores, Uni\u00f3n Europea y Cooperaci\u00f3n espa\u00f1ol, Jos\u00e9 Manuel Albares, descarta medidas&#8230;<\/p>\n","protected":false},"author":1,"featured_media":0,"comment_status":"open","ping_status":"closed","sticky":false,"template":"","format":"standard","meta":{"footnotes":""},"categories":[36,37,40],"tags":[],"class_list":["post-7550","post","type-post","status-publish","format-standard","hentry","category-internacional","category-nacional","category-politica"],"_links":{"self":[{"href":"https:\/\/chaneltodaycancun.com\/index.php\/wp-json\/wp\/v2\/posts\/7550","targetHints":{"allow":["GET"]}}],"collection":[{"href":"https:\/\/chaneltodaycancun.com\/index.php\/wp-json\/wp\/v2\/posts"}],"about":[{"href":"https:\/\/chaneltodaycancun.com\/index.php\/wp-json\/wp\/v2\/types\/post"}],"author":[{"embeddable":true,"href":"https:\/\/chaneltodaycancun.com\/index.php\/wp-json\/wp\/v2\/users\/1"}],"replies":[{"embeddable":true,"href":"https:\/\/chaneltodaycancun.com\/index.php\/wp-json\/wp\/v2\/comments?post=7550"}],"version-history":[{"count":1,"href":"https:\/\/chaneltodaycancun.com\/index.php\/wp-json\/wp\/v2\/posts\/7550\/revisions"}],"predecessor-version":[{"id":7551,"href":"https:\/\/chaneltodaycancun.com\/index.php\/wp-json\/wp\/v2\/posts\/7550\/revisions\/7551"}],"wp:attachment":[{"href":"https:\/\/chaneltodaycancun.com\/index.php\/wp-json\/wp\/v2\/media?parent=7550"}],"wp:term":[{"taxonomy":"category","embeddable":true,"href":"https:\/\/chaneltodaycancun.com\/index.php\/wp-json\/wp\/v2\/categories?post=7550"},{"taxonomy":"post_tag","embeddable":true,"href":"https:\/\/chaneltodaycancun.com\/index.php\/wp-json\/wp\/v2\/tags?post=7550"}],"curies":[{"name":"wp","href":"https:\/\/api.w.org\/{rel}","templated":true}]}}