{"id":7850,"date":"2022-02-20T15:00:00","date_gmt":"2022-02-20T20:00:00","guid":{"rendered":"https:\/\/chaneltodaycancun.com\/?p=7850"},"modified":"2022-03-04T20:30:19","modified_gmt":"2022-03-04T20:30:19","slug":"la-banca-firma-manana-el-protocolo-para-la-inclusion-financiera-de-mayores","status":"publish","type":"post","link":"https:\/\/chaneltodaycancun.com\/index.php\/2022\/02\/20\/la-banca-firma-manana-el-protocolo-para-la-inclusion-financiera-de-mayores\/","title":{"rendered":"La banca firma ma\u00f1ana el protocolo para la inclusi\u00f3n financiera de mayores"},"content":{"rendered":"<h4 class=\"articulo-subtitulo\" style=\"text-align: center;\">A la firma asistir\u00e1 la vicepresidenta Caliv\u00f1o<\/h4>\n<p>El impulsor de la campa\u00f1a &#8220;Soy mayor, no idiota&#8221;, el m\u00e9dico jubilado Carlos San Juan, se reunir\u00e1 este lunes con la vicepresidenta primera y ministra de Asuntos Econ\u00f3micos y Transformaci\u00f3n Digital, Nadia Calvi\u00f1o, quien le dar\u00e1 a conocer el nuevo protocolo a favor de la inclusi\u00f3n financiera de los mayores.<\/p>\n<p>As\u00ed lo han se\u00f1alado desde change.org, plataforma a trav\u00e9s de la cual el jubilado valenciano de 78 a\u00f1os ha recogido m\u00e1s de 640.000 apoyos en unas semanas solicitando &#8220;un trato m\u00e1s humano en las sucursales bancarias&#8221;. En la reuni\u00f3n tambi\u00e9n estar\u00e1n el secretario de Estado de Econom\u00eda y Apoyo a la Empresa, Gonzalo Garc\u00eda Andr\u00e9s; el secretario General del Tesoro, Carlos Cuerpo; la presidenta de la Asociaci\u00f3n de Usuarios Financieros (Asufin), Patricia Su\u00e1rez; y el presidente de la Plataforma de Mayores y Pensionistas, \u00c1ngel Rodr\u00edguez.<\/p>\n<p>Posteriormente se celebrar\u00e1 el acto en el que suscribir\u00e1n el protocolo el presidente de la Asociaci\u00f3n Espa\u00f1a de Banca, Jos\u00e9 Mar\u00eda Rold\u00e1n; el director general de la CECA, Jos\u00e9 Mar\u00eda M\u00e9ndez; y la secretaria general de la Uni\u00f3n Nacional de Cooperativas de Cr\u00e9dito (UNACC), Cristina Freijanes.<\/p>\n<p>En el acto de firma del acuerdo estar\u00e1n presentes la vicepresidenta primera y ministra de Asuntos Econ\u00f3micos y Transformaci\u00f3n Digital, Nadia Calvi\u00f1o, y el gobernador del Banco de Espa\u00f1a, Pablo Hern\u00e1ndez de Cos, seg\u00fan las fuentes. &#8220;Es incre\u00edble todo lo que estamos consiguiendo con nuestra petici\u00f3n&#8221;, ha declarado San Juan, quien ha indicado que esperan que el protocolo que van a presentarle &#8220;incluya tambi\u00e9n soluciones para el manejo de las aplicaciones tecnol\u00f3gicas&#8221;. &#8220;Ah\u00ed s\u00ed que s\u00ed ya podremos decir que estas m\u00e1s de 600.000 personas que nos hemos unido en change.org\/soyMayorNOidiota lo hemos conseguido&#8221;, ha destacado.<\/p>\n","protected":false},"excerpt":{"rendered":"<p>A la firma asistir\u00e1 la vicepresidenta Caliv\u00f1o El impulsor de la campa\u00f1a &#8220;Soy mayor, no&#8230;<\/p>\n","protected":false},"author":1,"featured_media":7852,"comment_status":"open","ping_status":"closed","sticky":false,"template":"","format":"standard","meta":{"footnotes":""},"categories":[36,40],"tags":[],"class_list":["post-7850","post","type-post","status-publish","format-standard","has-post-thumbnail","hentry","category-internacional","category-politica"],"_links":{"self":[{"href":"https:\/\/chaneltodaycancun.com\/index.php\/wp-json\/wp\/v2\/posts\/7850","targetHints":{"allow":["GET"]}}],"collection":[{"href":"https:\/\/chaneltodaycancun.com\/index.php\/wp-json\/wp\/v2\/posts"}],"about":[{"href":"https:\/\/chaneltodaycancun.com\/index.php\/wp-json\/wp\/v2\/types\/post"}],"author":[{"embeddable":true,"href":"https:\/\/chaneltodaycancun.com\/index.php\/wp-json\/wp\/v2\/users\/1"}],"replies":[{"embeddable":true,"href":"https:\/\/chaneltodaycancun.com\/index.php\/wp-json\/wp\/v2\/comments?post=7850"}],"version-history":[{"count":1,"href":"https:\/\/chaneltodaycancun.com\/index.php\/wp-json\/wp\/v2\/posts\/7850\/revisions"}],"predecessor-version":[{"id":7851,"href":"https:\/\/chaneltodaycancun.com\/index.php\/wp-json\/wp\/v2\/posts\/7850\/revisions\/7851"}],"wp:featuredmedia":[{"embeddable":true,"href":"https:\/\/chaneltodaycancun.com\/index.php\/wp-json\/wp\/v2\/media\/7852"}],"wp:attachment":[{"href":"https:\/\/chaneltodaycancun.com\/index.php\/wp-json\/wp\/v2\/media?parent=7850"}],"wp:term":[{"taxonomy":"category","embeddable":true,"href":"https:\/\/chaneltodaycancun.com\/index.php\/wp-json\/wp\/v2\/categories?post=7850"},{"taxonomy":"post_tag","embeddable":true,"href":"https:\/\/chaneltodaycancun.com\/index.php\/wp-json\/wp\/v2\/tags?post=7850"}],"curies":[{"name":"wp","href":"https:\/\/api.w.org\/{rel}","templated":true}]}}