{"id":8125,"date":"2022-03-23T21:52:57","date_gmt":"2022-03-24T02:52:57","guid":{"rendered":"https:\/\/chaneltodaycancun.com\/?p=8125"},"modified":"2022-03-24T02:52:58","modified_gmt":"2022-03-24T02:52:58","slug":"que-oportuno-el-primor-instala-grupo-de-amistad-mexico-rusia-en-san-lazaro","status":"publish","type":"post","link":"https:\/\/chaneltodaycancun.com\/index.php\/2022\/03\/23\/que-oportuno-el-primor-instala-grupo-de-amistad-mexico-rusia-en-san-lazaro\/","title":{"rendered":"Qu\u00e9 oportuno: El \u2018PRIMOR\u2019 instala Grupo de Amistad M\u00e9xico-Rusia en San L\u00e1zaro"},"content":{"rendered":"<div class=\"row\">\n<div class=\"col-sm-xl-12 layout-section wrap-bottom\">\n<h4 class=\"primary-font__PrimaryFontStyles-o56yd5-0 fOYBRX h4-primary sub-headline\" style=\"text-align: center;\">Entre protestas, el PAN dijo que no participar\u00e1 en el grupo porque \u2018no estamos de acuerdo con ser parte de la imprudencia y falta de sensibilidad\u2019.<\/h4>\n<div class=\"default__StyledDiv-cj38t1-0 eABJKM share-bar\">\n<p class=\"default__StyledText-xb1qmn-0 kYamVn body-paragraph\">En medio de protestas de\u00a0<b>diputados del PAN y MC<\/b>, el embajador ruso en M\u00e9xico,\u00a0<b>Viktor V. Koronelli,<\/b>\u00a0asegur\u00f3 que \u201cRusia no empez\u00f3 la guerra contra Ucrania, la est\u00e1 terminando\u201d, contra un r\u00e9gimen \u201cneonazi\u201d ucraniano.<\/p>\n<p class=\"default__StyledText-xb1qmn-0 kYamVn body-paragraph\">Con la presencia s\u00f3lo de legisladores de\u00a0<b>Morena, PT y del PRI,<\/b>\u00a0la C\u00e1mara de Diputados decidi\u00f3 instalar -luego de tres semanas de haber sido pospuesto- este mi\u00e9rcoles el\u00a0<b>Grupo de Amistad M\u00e9xico-Rusia,\u00a0<\/b>encabezado por el diputado y dirigente nacional del PT, Alberto Anaya.<\/p>\n<p class=\"default__StyledText-xb1qmn-0 kYamVn body-paragraph\">En el evento, el diplom\u00e1tico ruso reproch\u00f3 que su pa\u00eds ha sido v\u00edctima de \u201cuna campa\u00f1a medi\u00e1tica y de un odio contra efectivos del ej\u00e9rcito ruso\u201d.<\/p>\n<p class=\"default__StyledText-xb1qmn-0 kYamVn body-paragraph\">Expres\u00f3 su respeto a la posici\u00f3n del gobierno del\u00a0<b>presidente Andr\u00e9s Manuel L\u00f3pez Obrador\u00a0<\/b>y del canciller Marcelo Ebrard, de no apoyar las sanciones econ\u00f3micas impuestas a Rusia y de no enviar armamento a Ucrania, por lo que no se afectar\u00e1n las relaciones comerciales entre ambas naciones.<\/p>\n<p class=\"default__StyledText-xb1qmn-0 kYamVn body-paragraph\">\u201cRespetamos y valoramos mucho a M\u00e9xico\u201d, enfatiz\u00f3 y dijo que M\u00e9xico es de los pa\u00edses que \u201cnunca van a contestar \u00a1yes Sr.!\u201d.<\/p>\n<p class=\"default__StyledText-xb1qmn-0 kYamVn body-paragraph\">En tanto, media docena de legisladores del partido Movimiento Ciudadano (MC) protest\u00f3 a las afueras del evento con peque\u00f1as pancartas de \u201c\u00a1No a la guerra!\u201d, y calificaron el evento como un acto de \u201cimprudencia e impertinencia parlamentaria\u201d.<\/p>\n<p class=\"default__StyledText-xb1qmn-0 kYamVn body-paragraph\">El\u00a0<b>grupo parlamentario del PAN<\/b>\u00a0emiti\u00f3 un pronunciamiento p\u00fablico en el que expres\u00f3 que \u201chemos decidido no participar en la instalaci\u00f3n del Grupo de Amistad M\u00e9xico-Rusia\u201d porque \u201cno estamos de acuerdo con ser parte de la imprudencia y falta de sensibilidad de la situaci\u00f3n por la que est\u00e1 atravesando Ucrania con la invasi\u00f3n de tropas rusas en su territorio, la cual ha tra\u00eddo como consecuencia 2 mil 421 v\u00edctimas civiles y m\u00e1s de 6.5 millones de personas desplazadas\u201d.<\/p>\n<p class=\"default__StyledText-xb1qmn-0 kYamVn body-paragraph\">\u201cCondenamos en\u00e9rgicamente la desafortunada decisi\u00f3n del\u00a0<b>diputado Alberto Anaya Guti\u00e9rrez,\u00a0<\/b>presidente del Grupo de Amistad, de continuar con la instalaci\u00f3n y solicitar su difusi\u00f3n por los medios de comunicaci\u00f3n oficiales. Lo anterior, por considerar que la empat\u00eda y solidaridad con todos los pa\u00edses del mundo, son valores que deben de conducir la disciplina parlamentaria\u201d, expres\u00f3.<\/p>\n<\/div>\n<\/div>\n<\/div>\n<div class=\"row\">\n<div class=\"col-sm-md-12 col-lg-xl-8 left-article-section ie-flex-100-percent-sm layout-section\"><\/div>\n<\/div>\n","protected":false},"excerpt":{"rendered":"<p>Entre protestas, el PAN dijo que no participar\u00e1 en el grupo porque \u2018no estamos de&#8230;<\/p>\n","protected":false},"author":1,"featured_media":8127,"comment_status":"open","ping_status":"closed","sticky":false,"template":"","format":"standard","meta":{"footnotes":""},"categories":[34,36,27,37,40],"tags":[],"class_list":["post-8125","post","type-post","status-publish","format-standard","has-post-thumbnail","hentry","category-espectaculos","category-internacional","category-local","category-nacional","category-politica"],"_links":{"self":[{"href":"https:\/\/chaneltodaycancun.com\/index.php\/wp-json\/wp\/v2\/posts\/8125","targetHints":{"allow":["GET"]}}],"collection":[{"href":"https:\/\/chaneltodaycancun.com\/index.php\/wp-json\/wp\/v2\/posts"}],"about":[{"href":"https:\/\/chaneltodaycancun.com\/index.php\/wp-json\/wp\/v2\/types\/post"}],"author":[{"embeddable":true,"href":"https:\/\/chaneltodaycancun.com\/index.php\/wp-json\/wp\/v2\/users\/1"}],"replies":[{"embeddable":true,"href":"https:\/\/chaneltodaycancun.com\/index.php\/wp-json\/wp\/v2\/comments?post=8125"}],"version-history":[{"count":1,"href":"https:\/\/chaneltodaycancun.com\/index.php\/wp-json\/wp\/v2\/posts\/8125\/revisions"}],"predecessor-version":[{"id":8126,"href":"https:\/\/chaneltodaycancun.com\/index.php\/wp-json\/wp\/v2\/posts\/8125\/revisions\/8126"}],"wp:featuredmedia":[{"embeddable":true,"href":"https:\/\/chaneltodaycancun.com\/index.php\/wp-json\/wp\/v2\/media\/8127"}],"wp:attachment":[{"href":"https:\/\/chaneltodaycancun.com\/index.php\/wp-json\/wp\/v2\/media?parent=8125"}],"wp:term":[{"taxonomy":"category","embeddable":true,"href":"https:\/\/chaneltodaycancun.com\/index.php\/wp-json\/wp\/v2\/categories?post=8125"},{"taxonomy":"post_tag","embeddable":true,"href":"https:\/\/chaneltodaycancun.com\/index.php\/wp-json\/wp\/v2\/tags?post=8125"}],"curies":[{"name":"wp","href":"https:\/\/api.w.org\/{rel}","templated":true}]}}