{"id":8375,"date":"2022-04-09T16:19:18","date_gmt":"2022-04-09T21:19:18","guid":{"rendered":"https:\/\/chaneltodaycancun.com\/?p=8375"},"modified":"2022-04-10T21:20:31","modified_gmt":"2022-04-10T21:20:31","slug":"condena-internacional-tras-el-mortifero-ataque-en-kramatorsk","status":"publish","type":"post","link":"https:\/\/chaneltodaycancun.com\/index.php\/2022\/04\/09\/condena-internacional-tras-el-mortifero-ataque-en-kramatorsk\/","title":{"rendered":"Condena internacional tras el mort\u00edfero ataque en Kramatorsk"},"content":{"rendered":"<h4 style=\"text-align: center;\">El bombardeo con misil que mat\u00f3 el viernes a 52 personas en una estaci\u00f3n de tren en Kramatorsk, en el este de Ucrania suscit\u00f3 la condena de la comunidad internacional. El presidente Volodimir Zelenski pidi\u00f3 \u201cuna respuesta mundial firme\u201d.<\/h4>\n<p>El jefe de la diplomacia de la Uni\u00f3n Europea, Josep Borrel conden\u00f3 lo que consider\u00f3 un \u201cataque ciego\u201d. De su lado, Joe Biden acus\u00f3 a Mosc\u00fa de cometer una \u201catrocidad horrible\u201d. En Francia, el canciller Jean-Yves Le Drian asegur\u00f3 que el bombardeo en Kramatorsk era \u201cun crimen contra la humanidad\u201d.<\/p>\n<p>Desde Kiev, el presidente ucraniano, Volodimir Zelenski, pidi\u00f3 &#8220;una respuesta mundial firme&#8221; tras este mort\u00edfero bombardeo que mat\u00f3 el viernes a 52 personas, incluidos cinco ni\u00f1os.<\/p>\n<p>&#8220;Es otro crimen de guerra de Rusia por el que alguno de los implicados deber\u00e1 hacerse responsable&#8221;, dijo Zelenski en un mensaje de video tras el ataque.<\/p>\n<p>Por su parte, Mosc\u00fa neg\u00f3 su implicaci\u00f3n en el ataque, asegurando que no dispon\u00eda del tipo de misil usado y que hab\u00eda sido una &#8220;provocaci\u00f3n&#8221; ucraniana.<\/p>\n<p>Sin embargo, un alto responsable de Defensa estadounidense se\u00f1al\u00f3 que los rusos &#8220;notificaron inicialmente un ataque exitoso&#8221; y que &#8220;se retractaron \u00fanicamente tras informaciones sobre v\u00edctimas civiles&#8221;.<\/p>\n<p>De hecho, el ministerio ruso de Defensa hab\u00eda informado el viernes de la destrucci\u00f3n con misiles de alta precisi\u00f3n de &#8220;armamentos y otros equipos militares en las estaciones de Pokrovsk, Sloviansk y Barbinkove&#8221;, localidades cerca de Kramatorsk, la &#8220;capital&#8221; de la parte del Donb\u00e1s todav\u00eda bajo control de Kiev.<\/p>\n<h2>&#8220;Por nuestros ni\u00f1os&#8221;<\/h2>\n<p>El misil cay\u00f3 hacia las 10:30am locales, cuando cientos de personas acuden diariamente a la estaci\u00f3n con la esperanza de subirse a un tren para salir del Donb\u00e1s, escenario desde 2014 de una guerra entre las fuerzas ucranianas y los separatistas prorrusos.<\/p>\n<p>La agencia France Presse confirm\u00f3 haber visto por lo menos 30 cad\u00e1veres que fueron cargados en un cami\u00f3n militar. Frente a la estaci\u00f3n hab\u00eda los restos retorcidos del misil, con la inscripci\u00f3n en ruso: &#8220;Por nuestros ni\u00f1os&#8221;, una frase habitualmente usada por los separatistas rebeldes. La estaci\u00f3n qued\u00f3 llena de maletas abandonadas, vidrios rotos y escombros.<\/p>\n<p>La tragedia coincidi\u00f3 con la visita a Ucrania de la presidenta de la Comisi\u00f3n Europea, Ursula von der Leyen, y el jefe de la diplomacia comunitaria, Josep Borrell, quienes se encontraban en Bucha, ciudad cerca a Kiev donde aparecieron decenas de cad\u00e1veres con ropa de civiles, algunos con las manos atadas a la espalda tras la retirada de las tropas rusas, a principios de abril.<\/p>\n<p>&#8220;Estoy profundamente convencida que Ucrania ganar\u00e1 esta guerra&#8221;, dijo Von der Leyen en Kiev en una conferencia con Zelenski, que el s\u00e1bado tambi\u00e9n recibir\u00e1 la visita del canciller austr\u00edaco, Karl Nehammer.<\/p>\n","protected":false},"excerpt":{"rendered":"<p>El bombardeo con misil que mat\u00f3 el viernes a 52 personas en una estaci\u00f3n de&#8230;<\/p>\n","protected":false},"author":1,"featured_media":8377,"comment_status":"open","ping_status":"closed","sticky":false,"template":"","format":"standard","meta":{"footnotes":""},"categories":[34,36,40],"tags":[],"class_list":["post-8375","post","type-post","status-publish","format-standard","has-post-thumbnail","hentry","category-espectaculos","category-internacional","category-politica"],"_links":{"self":[{"href":"https:\/\/chaneltodaycancun.com\/index.php\/wp-json\/wp\/v2\/posts\/8375","targetHints":{"allow":["GET"]}}],"collection":[{"href":"https:\/\/chaneltodaycancun.com\/index.php\/wp-json\/wp\/v2\/posts"}],"about":[{"href":"https:\/\/chaneltodaycancun.com\/index.php\/wp-json\/wp\/v2\/types\/post"}],"author":[{"embeddable":true,"href":"https:\/\/chaneltodaycancun.com\/index.php\/wp-json\/wp\/v2\/users\/1"}],"replies":[{"embeddable":true,"href":"https:\/\/chaneltodaycancun.com\/index.php\/wp-json\/wp\/v2\/comments?post=8375"}],"version-history":[{"count":1,"href":"https:\/\/chaneltodaycancun.com\/index.php\/wp-json\/wp\/v2\/posts\/8375\/revisions"}],"predecessor-version":[{"id":8376,"href":"https:\/\/chaneltodaycancun.com\/index.php\/wp-json\/wp\/v2\/posts\/8375\/revisions\/8376"}],"wp:featuredmedia":[{"embeddable":true,"href":"https:\/\/chaneltodaycancun.com\/index.php\/wp-json\/wp\/v2\/media\/8377"}],"wp:attachment":[{"href":"https:\/\/chaneltodaycancun.com\/index.php\/wp-json\/wp\/v2\/media?parent=8375"}],"wp:term":[{"taxonomy":"category","embeddable":true,"href":"https:\/\/chaneltodaycancun.com\/index.php\/wp-json\/wp\/v2\/categories?post=8375"},{"taxonomy":"post_tag","embeddable":true,"href":"https:\/\/chaneltodaycancun.com\/index.php\/wp-json\/wp\/v2\/tags?post=8375"}],"curies":[{"name":"wp","href":"https:\/\/api.w.org\/{rel}","templated":true}]}}