{"id":8717,"date":"2022-05-01T18:33:34","date_gmt":"2022-05-01T23:33:34","guid":{"rendered":"https:\/\/chaneltodaycancun.com\/?p=8717"},"modified":"2022-05-01T23:33:36","modified_gmt":"2022-05-01T23:33:36","slug":"por-que-se-celebra-el-1-de-mayo-el-dia-internacional-de-los-trabajadores-que-ocurrio-en-chicago-en-1886","status":"publish","type":"post","link":"https:\/\/chaneltodaycancun.com\/index.php\/2022\/05\/01\/por-que-se-celebra-el-1-de-mayo-el-dia-internacional-de-los-trabajadores-que-ocurrio-en-chicago-en-1886\/","title":{"rendered":"\u00bfPor qu\u00e9 se celebra el 1 de mayo el D\u00eda Internacional de los Trabajadores? \u00bfQu\u00e9 ocurri\u00f3 en Chicago en 1886?"},"content":{"rendered":"<p>Aunque para la mayor\u00eda de pa\u00edses del hemisferio norte el primero de mayo evoque im\u00e1genes de cintas de colores y promesas de d\u00edas m\u00e1s calurosos, en realidad es un d\u00eda de protestas y manifestaciones en todo el mundo, cuyas ra\u00edces modernas se remontan a una explosi\u00f3n en Chicago que cambi\u00f3 el mundo.<\/p>\n<h2>\u00bfQu\u00e9 ocurre el primero de mayo?<\/h2>\n<p>Usualmente se celebra el d\u00eda de los derechos de los trabajadores o, como se conoce en muchas partes del mundo, el D\u00eda del Trabajo.<\/p>\n<h2>\u00bfC\u00f3mo empez\u00f3?<\/h2>\n<p>Es una pregunta complicada. Originalmente, el primero de mayo era una fiesta pagana para celebrar el inicio del verano. En las tradiciones ga\u00e9licas se conoce como \u201cBeltaine\u201d (o en su versi\u00f3n anglicana, \u201cBeltane\u201d). Con el paso del tiempo, diferentes grupos adaptaron la celebraci\u00f3n a las creencias de sus culturas espec\u00edficas. Los europeos y estadounidenses usualmente celebraban de una manera m\u00e1s secular con diversiones como la danza del\u00a0<em>maypole<\/em>\u00a0y coronas de flores. Esto sin duda da un poco m\u00e1s de contexto cultural a todas las jovencitas que se pasean en los festivales de verano con margaritas gigantes en la cabeza.<\/p>\n<p>Nota: en mayo en el hemisferio sur est\u00e1 llegando el invierno. As\u00ed que el primero de mayo como una celebraci\u00f3n de verano es, en mayor parte, algo del hemisferio norte.<\/p>\n<h2>\u00bfC\u00f3mo se volvi\u00f3 un d\u00eda de los derechos de los trabajadores?<\/h2>\n<p>En muchas partes del mundo el primero de mayo es un d\u00eda feriado y parte de su historia es m\u00e1s bien espinosa.<\/p>\n<div class=\"outstream\"><\/div>\n<p>El d\u00eda 1 de Mayo ha compartido la fecha con el D\u00eda Internacional de los Trabajadores desde la d\u00e9cada de 1880. En ese momento, los movimientos laborales en todo el mundo luchaban por condiciones de trabajo justas: jornadas laborales de ocho horas y sindicatos. La fecha fue elegida porque se alineaba con el aniversario de las manifestaciones de la Plaza Haymarket en Chicago, donde la polic\u00eda mat\u00f3 a cuatro personas en una protesta pac\u00edfica despu\u00e9s de que alguien tirara una bomba a la multitud. El evento se conoce como la revuelta de Haymarket.<\/p>\n<p>El evento tuvo un gran impacto en los movimientos por los derechos laborales de todo el mundo.<\/p>\n<p>Para honrar a quienes participaron en las protestas de Haymarket, la Conferencia Internacional Socialista declar\u00f3 en 1889 el 1 de mayo como el D\u00eda Internacional de los Trabajadores.<\/p>\n<div id=\"bx-campaign-1346589\" class=\"bxc bx-base bx-custom bx-active-step-1 bx-campaign-1346589 bx-brand-17034 bx-width-default bx-type-agilityzone bx-has-close-x-1 bx-has-close-inside bx-fx-zoom-in bx-impress\" aria-hidden=\"false\" aria-labelledby=\"bx-campaign-ally-title-1346589\">\n<div class=\"bx-slab\">\n<div class=\"bx-align\">\n<div id=\"bx-creative-1346589\" class=\"bx-creative bx-creative-1346589\">\n<div class=\"bx-wrap\">\n<div id=\"bx-step-1346589-1\" class=\"bx-step bx-step-1 bx-active-step bx-step-lxikcl0 bx-step-1346589-1 bx-tail-placement-hidden\" data-close-placement=\"inside\">\n<form id=\"bx-form-1346589-step-1\" tabindex=\"0\" action=\"https:\/\/api.bounceexchange.com\/capture\/submit\" method=\"post\" aria-labelledby=\"bx-campaign-ally-title-1346589\">En Estados Unidos, el D\u00eda del Trabajo (Labor Day) se celebra el primer lunes de septiembre. Se volvi\u00f3 d\u00eda feriado nacional en 1894.<\/p>\n<h2>\u00bfPor qu\u00e9 hay marchas y manifestaciones en algunas partes del mundo el primero de mayo?<\/h2>\n<p>Debido a su m\u00e1s reciente historia, el D\u00eda Internacional de los Trabajadores, o primero de mayo, es usualmente una d\u00eda de protestas para los sindicatos de todo el mundo. La gente sale a marchar y a veces sus manifestaciones apasionadas pueden volverse violentas. En 2014, Turqu\u00eda intent\u00f3 prohibir las manifestaciones de trabajadores citando cuestiones de seguridad. En todo Europa, eventos similares han atra\u00eddo una fuerte presencia policial.<\/p>\n<p>En Estados Unidos tambi\u00e9n se han presentado disturbios y protestas. Una de las m\u00e1s notables fue en las marchas del primero de mayo en Seattle que, aunque intentaban ser pac\u00edficas, se tornaron violentas en el pasado.<\/p>\n<p>De una manera extra\u00f1a, algunas de esas manifestaciones se superponen con las ra\u00edces m\u00e1s festivas de este d\u00eda: las protestas planeadas en Seattle inclu\u00edan un concierto de rock, y el Desfile del Primero de Mayo en Minneapolis incluye coloridas carrozas y flotadores festivos y juerguistas que usan disfraces sat\u00edricos relacionados con los asuntos laborales y pol\u00edticos de la \u00e9poca.<\/p>\n<h2>\u00bfEst\u00e1 relacionado este d\u00eda (May Day, en ingl\u00e9s) con el llamado de auxilio de los pilotos?<\/h2>\n<p>En realidad no. Cuando un piloto hace el llamado de auxilio (que en ingl\u00e9s suena como \u201c<em>mayday<\/em>\u201d), en realidad est\u00e1n haciendo uso de una expresi\u00f3n en franc\u00e9s:<em>\u00a0m\u2019aidez<\/em>, que en espa\u00f1ol significa \u201cay\u00fadame\u201d.<\/p>\n<p>Nada mal unas peque\u00f1as lecciones de franc\u00e9s junto con un poco de historia en este d\u00eda, \u00bfeh?.<\/p>\n<\/form>\n<\/div>\n<\/div>\n<\/div>\n<\/div>\n<\/div>\n<\/div>\n","protected":false},"excerpt":{"rendered":"<p>Aunque para la mayor\u00eda de pa\u00edses del hemisferio norte el primero de mayo evoque im\u00e1genes&#8230;<\/p>\n","protected":false},"author":1,"featured_media":8719,"comment_status":"open","ping_status":"closed","sticky":false,"template":"","format":"standard","meta":{"footnotes":""},"categories":[47,34,36,27,37],"tags":[],"class_list":["post-8717","post","type-post","status-publish","format-standard","has-post-thumbnail","hentry","category-cultural","category-espectaculos","category-internacional","category-local","category-nacional"],"_links":{"self":[{"href":"https:\/\/chaneltodaycancun.com\/index.php\/wp-json\/wp\/v2\/posts\/8717","targetHints":{"allow":["GET"]}}],"collection":[{"href":"https:\/\/chaneltodaycancun.com\/index.php\/wp-json\/wp\/v2\/posts"}],"about":[{"href":"https:\/\/chaneltodaycancun.com\/index.php\/wp-json\/wp\/v2\/types\/post"}],"author":[{"embeddable":true,"href":"https:\/\/chaneltodaycancun.com\/index.php\/wp-json\/wp\/v2\/users\/1"}],"replies":[{"embeddable":true,"href":"https:\/\/chaneltodaycancun.com\/index.php\/wp-json\/wp\/v2\/comments?post=8717"}],"version-history":[{"count":1,"href":"https:\/\/chaneltodaycancun.com\/index.php\/wp-json\/wp\/v2\/posts\/8717\/revisions"}],"predecessor-version":[{"id":8718,"href":"https:\/\/chaneltodaycancun.com\/index.php\/wp-json\/wp\/v2\/posts\/8717\/revisions\/8718"}],"wp:featuredmedia":[{"embeddable":true,"href":"https:\/\/chaneltodaycancun.com\/index.php\/wp-json\/wp\/v2\/media\/8719"}],"wp:attachment":[{"href":"https:\/\/chaneltodaycancun.com\/index.php\/wp-json\/wp\/v2\/media?parent=8717"}],"wp:term":[{"taxonomy":"category","embeddable":true,"href":"https:\/\/chaneltodaycancun.com\/index.php\/wp-json\/wp\/v2\/categories?post=8717"},{"taxonomy":"post_tag","embeddable":true,"href":"https:\/\/chaneltodaycancun.com\/index.php\/wp-json\/wp\/v2\/tags?post=8717"}],"curies":[{"name":"wp","href":"https:\/\/api.w.org\/{rel}","templated":true}]}}