{"id":8723,"date":"2022-05-01T18:46:58","date_gmt":"2022-05-01T23:46:58","guid":{"rendered":"https:\/\/chaneltodaycancun.com\/?p=8723"},"modified":"2022-05-01T23:47:00","modified_gmt":"2022-05-01T23:47:00","slug":"una-larga-relacion-mas-alla-de-la-diplomacia-lopez-obrador-recupera-la-politica-de-respaldo-activo-a-cuba","status":"publish","type":"post","link":"https:\/\/chaneltodaycancun.com\/index.php\/2022\/05\/01\/una-larga-relacion-mas-alla-de-la-diplomacia-lopez-obrador-recupera-la-politica-de-respaldo-activo-a-cuba\/","title":{"rendered":"Una larga relaci\u00f3n m\u00e1s all\u00e1 de la diplomacia: L\u00f3pez Obrador recupera la pol\u00edtica de respaldo activo a Cuba"},"content":{"rendered":"<header class=\"a_e _g _g-xs\">\n<div class=\"a_e_txt _df\">\n<h4 class=\"a_st\" style=\"text-align: center;\">El viaje del presidente a La Habana encierra todo el simbolismo de unos profundos v\u00ednculos bilaterales con una idea de fondo: \u201cAl defender a Cuba se defiende tambi\u00e9n a M\u00e9xico\u201d<\/h4>\n<\/div>\n<\/header>\n<div class=\"a_md _g _g-xs ni\">\n<div class=\"a_md_txt\">\n<p class=\"\">El presidente de M\u00e9xico, Andr\u00e9s Manuel L\u00f3pez Obrador,\u00a0viajar\u00e1 a Cuba el pr\u00f3ximo fin de semana\u00a0tras visitar el tri\u00e1ngulo norte de Centroam\u00e9rica, con paradas en Guatemala, El Salvador, Honduras y Belice, donde tratar\u00e1 sobre todo de asuntos migratorios. La etapa final de la gira, en La Habana, tiene un car\u00e1cter bien distinto pues encierra todo el simbolismo de una relaci\u00f3n bilateral que el a\u00f1o pr\u00f3ximo cumple un siglo de existencia y que, en lo pol\u00edtico, ha sido especialmente intensa desde el triunfo de la revoluci\u00f3n cubana, en 1959. Desde entonces, todos los presidentes mexicanos han visitado La Habana antes de terminar su mandato, incluso los que han sido m\u00e1s cr\u00edticos con Cuba, como Vicente Fox o Ernesto Zedillo. Lo hace ahora L\u00f3pez Obrador con el empe\u00f1o de impulsar las relaciones al m\u00e1ximo nivel, en consonancia con la tradici\u00f3n que el Partido Revolucionario Institucional (PRI)\u00a0mantuvo durante d\u00e9cadas y siguiendo la filosof\u00eda de que\u00a0\u201cal defender a Cuba se defiende tambi\u00e9n a M\u00e9xico y sus principios\u201d.<\/p>\n<p class=\"\">Uno de los presidentes priistas que mejor expres\u00f3 en palabras este sentir fue\u00a0Jos\u00e9 L\u00f3pez Portillo,\u00a0cuando en 1980 viaj\u00f3 a La Habana y afirm\u00f3 en la Plaza de la Revoluci\u00f3n: lo que le hagan a Cuba es como si se lo hicieran a M\u00e9xico. Para nadie es un secreto que desde que Fidel Castro lleg\u00f3 al poder, en las relaciones entre ambos pa\u00edses siempre estuvieron muy presentes la sombra y las presiones de Estados Unidos, pero M\u00e9xico se abraz\u00f3 a los principios de no intervenci\u00f3n y autodeterminaci\u00f3n de los pueblos consagrados en su Constituci\u00f3n para mantener buenas relaciones con La Habana y respaldarla pol\u00edticamente hasta en los momentos m\u00e1s tensos. El mensaje siempre fue: Cuba no est\u00e1 sola en Am\u00e9rica, pueden contar con nosotros.<\/p>\n<p class=\"\">M\u00e9xico fue el \u00fanico pa\u00eds latinoamericano que vot\u00f3 en contra de la expulsi\u00f3n de la Organizaci\u00f3n de los Estados Americanos (OEA) en 1962 en la Cumbre de Punta del Este. Y eso, a d\u00eda de hoy, sigue siendo uno de los s\u00edmbolos m\u00e1s grandes y valores m\u00e1s s\u00f3lidos de las relaciones bilaterales, como recuerda una exposici\u00f3n fotogr\u00e1fica que se exhibe en La Habana estos d\u00edas con motivo de la Feria del Libro, en la que por segunda vez M\u00e9xico es el pa\u00eds invitado \u2013durante su viaje, L\u00f3pez Obrador inaugurar\u00e1 una librer\u00eda del Fondo de Cultura Econ\u00f3mica en la capital cubana-.<\/p>\n<p class=\"\">Recorrer la muestra\u00a0<i>M\u00e9xico-Cuba: naciones hermanas<\/i>, organizada por la Embajada mexicana, es una buena manera de pasar revista a lo sucedido entre ambos pa\u00edses en la historia moderna, y desde m\u00e1s atr\u00e1s. Ya desde la \u00e9poca colonial M\u00e9xico fue valedor de las aspiraciones independentistas cubanas y sirvi\u00f3 de refugio y retaguardia a notables exiliados de la isla, como el poeta rom\u00e1ntico Jos\u00e9 Heredia -en los a\u00f1os veinte y treinta del siglo XIX-, y no es casualidad que el H\u00e9roe Nacional de Cuba, Jos\u00e9 Mart\u00ed, un d\u00eda antes de caer en el campo de batalla (1895) escribiera una \u00faltima carta dirigida a su amigo mexicano Manuel Mercado. Las im\u00e1genes recuerdan tambi\u00e9n que fue el embajador cubano en M\u00e9xico,\u00a0Manuel M\u00e1rquez Sterling, quien salvara a la familia de Madero\u00a0tras el asesinato del presidente mexicano en 1913, y que cuando en 1926 el l\u00edder estudiantil comunista cubano Julio Antonio Mella parti\u00f3 hacia el exilio se instal\u00f3 en M\u00e9xico, donde fue asesinado dos a\u00f1os despu\u00e9s.<\/p>\n<p class=\"\">La muestra va m\u00e1s all\u00e1 de lo puramente pol\u00edtico, y podemos ver a artistas y m\u00fasicos mexicanos que pasaron por La Habana, como\u00a0Cantinflas, Mar\u00eda F\u00e9lix, Agust\u00edn Lara, Tin Tan, Pedro Infante, Jorge Negrete o Pedro Vargas, y a la inversa, cubanos que desarrollaron parte de su carrera en M\u00e9xico, de Benny Mor\u00e9 a D\u00e1maso P\u00e9rez Prado, pasando por Bola de Nieve, que dec\u00eda que no pod\u00eda vivir sin el chile mexicano y sin actuar en este pa\u00eds (donde le sorprendi\u00f3 la muerte en 1971). Las 80 fotograf\u00edas de\u00a0<i>M\u00e9xico-Cuba: naciones hermanas\u00a0<\/i>repasan los v\u00ednculos culturales y humanos que unieron a ambos pa\u00edses a lo largo de la historia, pero con \u00e9nfasis, claro est\u00e1, en la etapa revolucionaria que -no hay que olvidar- comienza en M\u00e9xico, donde Fidel Castro, Ra\u00fal Castro y el Che Guevara organizan los preparativos para el desembarco del yate Granma.<\/p>\n<p class=\"\">Hay fotos clave y casi desconocidas, como la del encuentro en La Habana de estos tres l\u00edderes con\u00a0Gilberto Bosques, quien fuera embajador de M\u00e9xico en Cuba entre 1953 y 1964,\u00a0y que en su trayectoria resume el imaginario pol\u00edtico de defensa de la revoluci\u00f3n que L\u00f3pez Obrador quiere rescatar en este viaje a la isla. \u201cBosques, un hombre muy cercano a L\u00e1zaro C\u00e1rdenas, apoy\u00f3 a los perseguidos durante la dictadura de Batista tras el asalto al cuartel Moncada y despu\u00e9s de 1959 jug\u00f3 un papel central en el respaldo a la revoluci\u00f3n\u201d, asegura el actual embajador mexicano en La Habana, Miguel D\u00edaz Reynoso.<\/p>\n<p class=\"\">Desfilan por la exposici\u00f3n los diferentes presidentes mexicanos que han viajado a La Habana, incluidos los que peores relaciones tuvieron, empezando por\u00a0Ernesto Zedillo,\u00a0quien pidi\u00f3 la instauraci\u00f3n de la democracia en la isla antes de cerrar siete d\u00e9cadas de gobiernos ininterrumpidos del PRI, y siguiendo por Vicente Fox, que protagoniz\u00f3 el incidente m\u00e1s famoso entre ambos pa\u00edses hace 20 a\u00f1os. Fue durante la Conferencia Internacional de Financiaci\u00f3n para el Desarrollo que se celebraba en Monterrey, a la que estaba invitado Fidel Castro, quien sorpresivamente anunci\u00f3 durante el evento que deb\u00eda regresar de inmediato a su pa\u00eds por una \u201csituaci\u00f3n especial\u201d. A los pocos d\u00edas, Castro difundi\u00f3 la grabaci\u00f3n de la conversaci\u00f3n telef\u00f3nica que hab\u00eda mantenido con su hom\u00f3logo mexicano. Fox, un hombre de derechas y abiertamente af\u00edn a George W. Bush, quiso evitar que en la cumbre Castro coincidiera con el presidente estadounidense, y para ello le pidi\u00f3 al presidente cubano sumarse a un almuerzo, sentarse a su lado y regresar.\u00a0El famoso\u00a0<i>comes y te vas.<\/i><\/p>\n<p class=\"\">Aquello fue un terremoto bilateral, pero pas\u00f3, y con Felipe Calder\u00f3n y despu\u00e9s con Enrique Pe\u00f1a Nieto las aguas volvieron a su cauce. Ahora, con L\u00f3pez Obrador, M\u00e9xico regresa a la pol\u00edtica de respaldo activo a La Habana. Se espera que durante su visita a Cuba haga una contundente denuncia del embargo norteamericano y defienda con vehemencia que no se excluya a la isla de la IX Cumbre de las Am\u00e9ricas, convocada por Joe Biden del 6 al 10 de junio en la ciudad de Los \u00c1ngeles. Para La Habana, ambas cosas son importantes, pues no es lo mismo el apoyo de Venezuela y Nicaragua que una posici\u00f3n firme de un pa\u00eds como M\u00e9xico, con muchos v\u00ednculos con EE UU. El presidente mexicano mantuvo el viernes una conversaci\u00f3n con su hom\u00f3logo estadunidense para perfilar una posici\u00f3n com\u00fan con vistas a la cumbre. Y ya dej\u00f3 claro su planteamiento: el c\u00f3nclave debe celebrarse \u201csin excluir a nadie\u201d, aludiendo a la participaci\u00f3n de Cuba.<\/p>\n<p class=\"\">Durante el viaje, L\u00f3pez Obrador se reunir\u00e1 con el presidente cubano Miguel D\u00edaz-Canel, que ya ha estado en M\u00e9xico en dos ocasiones (y una m\u00e1s cuando era vicepresidente). El pasado septiembre viaj\u00f3 como invitado especial a los actos conmemorativos del levantamiento de Miguel Hidalgo. Entonces, L\u00f3pez Obrador no solo convirti\u00f3 el D\u00eda de la Independencia en una apolog\u00eda de\u00a0la \u201clucha por la soberan\u00eda\u201d de Cuba,\u00a0sino que fue m\u00e1s all\u00e1 y apremi\u00f3 abiertamente a Biden para que levante el bloqueo econ\u00f3mico. Durante esta visita escenificar\u00e1 el inter\u00e9s por impulsar las relaciones comerciales \u2013en estos momentos los intercambios entre ambos pa\u00edses rondan los 400 millones de d\u00f3lares anuales- y las inversiones mexicanas, algo que conlleva impl\u00edcito un mensaje a Washington. Tambi\u00e9n podr\u00edan concretarse acuerdos para la adquisici\u00f3n por M\u00e9xico de medicamentos -y vacunas- desarrollados por la industria biotecnol\u00f3gica cubana. Aunque los temas migratorios pueden ser parte de las conversaciones oficiales, en momentos en que miles de cubanos utilizan la frontera mexicana para entrar a EeUU -79.000 en los \u00faltimos seis meses, seg\u00fan datos norteamericanos- no son el asunto central de la visita.<\/p>\n<p class=\"\">Es la cuarta ocasi\u00f3n que L\u00f3pez Obrador sale del pa\u00eds desde que asumi\u00f3 el cargo en diciembre de 2018. De momento, solo hab\u00eda viajado a Estados Unidos para reunirse con Biden, su antecesor, Donald Trump, o acudir a la ONU. Ahora, seg\u00fan destaca la Secretar\u00eda de Relaciones Exteriores, se ha lanzado a \u201cgenerar las condiciones necesarias para ampliar la cooperaci\u00f3n solidaria\u201d con la isla. Por eso, tambi\u00e9n el viaje a Cuba resulta muy relevante para un presidente que apenas se prodiga en relaciones internacionales y que suele defender que \u201cla mejor pol\u00edtica exterior es la pol\u00edtica interior\u201d. En cierto modo, atestigua la exposici\u00f3n fotogr\u00e1fica, Cuba siempre ha sido pol\u00edtica interior para M\u00e9xico. Pero con L\u00f3pez Obrador, a\u00fan m\u00e1s.<\/p>\n<figure class=\"a_m a_m-h\"><\/figure>\n<\/div>\n<\/div>\n","protected":false},"excerpt":{"rendered":"<p>El viaje del presidente a La Habana encierra todo el simbolismo de unos profundos v\u00ednculos&#8230;<\/p>\n","protected":false},"author":1,"featured_media":8725,"comment_status":"open","ping_status":"closed","sticky":false,"template":"","format":"standard","meta":{"footnotes":""},"categories":[47,36,27,37,40],"tags":[],"class_list":["post-8723","post","type-post","status-publish","format-standard","has-post-thumbnail","hentry","category-cultural","category-internacional","category-local","category-nacional","category-politica"],"_links":{"self":[{"href":"https:\/\/chaneltodaycancun.com\/index.php\/wp-json\/wp\/v2\/posts\/8723","targetHints":{"allow":["GET"]}}],"collection":[{"href":"https:\/\/chaneltodaycancun.com\/index.php\/wp-json\/wp\/v2\/posts"}],"about":[{"href":"https:\/\/chaneltodaycancun.com\/index.php\/wp-json\/wp\/v2\/types\/post"}],"author":[{"embeddable":true,"href":"https:\/\/chaneltodaycancun.com\/index.php\/wp-json\/wp\/v2\/users\/1"}],"replies":[{"embeddable":true,"href":"https:\/\/chaneltodaycancun.com\/index.php\/wp-json\/wp\/v2\/comments?post=8723"}],"version-history":[{"count":1,"href":"https:\/\/chaneltodaycancun.com\/index.php\/wp-json\/wp\/v2\/posts\/8723\/revisions"}],"predecessor-version":[{"id":8724,"href":"https:\/\/chaneltodaycancun.com\/index.php\/wp-json\/wp\/v2\/posts\/8723\/revisions\/8724"}],"wp:featuredmedia":[{"embeddable":true,"href":"https:\/\/chaneltodaycancun.com\/index.php\/wp-json\/wp\/v2\/media\/8725"}],"wp:attachment":[{"href":"https:\/\/chaneltodaycancun.com\/index.php\/wp-json\/wp\/v2\/media?parent=8723"}],"wp:term":[{"taxonomy":"category","embeddable":true,"href":"https:\/\/chaneltodaycancun.com\/index.php\/wp-json\/wp\/v2\/categories?post=8723"},{"taxonomy":"post_tag","embeddable":true,"href":"https:\/\/chaneltodaycancun.com\/index.php\/wp-json\/wp\/v2\/tags?post=8723"}],"curies":[{"name":"wp","href":"https:\/\/api.w.org\/{rel}","templated":true}]}}