{"id":9293,"date":"2022-06-15T21:20:21","date_gmt":"2022-06-16T02:20:21","guid":{"rendered":"https:\/\/chaneltodaycancun.com\/?p=9293"},"modified":"2022-06-16T02:20:23","modified_gmt":"2022-06-16T02:20:23","slug":"mexico-hace-denuncia-internacional-contra-vulcan","status":"publish","type":"post","link":"https:\/\/chaneltodaycancun.com\/index.php\/2022\/06\/15\/mexico-hace-denuncia-internacional-contra-vulcan\/","title":{"rendered":"M\u00e9xico hace denuncia internacional contra Vulcan"},"content":{"rendered":"<p>El presidente\u00a0Andr\u00e9s Manuel L\u00f3pez Obrador\u00a0anunci\u00f3 que presentar\u00e1 una denuncia internacional en contra de la empresa minera\u00a0Calica, filial de la firma estadounidense\u00a0Vulcan Materials\u00a0por el da\u00f1o ecol\u00f3gico que est\u00e1 causando con la extracci\u00f3n de piedra caliza en\u00a0Quintana Roo.<\/p>\n<p>Durante su conferencia de prensa matutina, en\u00a0Palacio Nacional, el presidente dijo que, \u00abest\u00e1n ahora muy molestos porque se clausur\u00f3 el banco de\u00a0Calica\u00ab, en referencia a la cancelaci\u00f3n de actividades de esta firma que hizo la\u00a0Procuradur\u00eda Federal de Protecci\u00f3n al Ambiente\u00a0(Profepa).<\/p>\n<p>L\u00f3pez Obrador expres\u00f3 que en\u00a0Calica\u00a0\u00abse llevaban material para construir carreteras en\u00a0Estados Unidos, destruyendo una cat\u00e1strofe ecol\u00f3gica y vamos a presentar una denuncia internacional\u00bb, adelant\u00f3.<\/p>\n<p>El primer mandatario asegur\u00f3 que la firma est\u00e1 da\u00f1ando\u00a0r\u00edos subterr\u00e1neos\u00a0y\u00a0cenotes\u00a0en\u00a0Quintana Roo: \u00abAfectaron cenotes, r\u00edos\u00a0submarinos\u00a0y con permisos otorgados o sin permisos\u00bb, mientras reproch\u00f3 que ning\u00fan actor famoso levant\u00f3 la voz en contra de esto.<\/p>\n<p>\u00abPueden ir visitando todo el sureste en tren, esto lo vamos a inaugurar a finales del a\u00f1o pr\u00f3ximo, porque los amparos de este tramo no tienen ning\u00fan sustento, son nada m\u00e1s estorbar\u00bb, agreg\u00f3.<\/p>\n<p>Finalmente el presidente adelant\u00f3 que va a seguir haciendo denuncias en contra de quien da\u00f1e el medio ambiente y va a seguir avanzando con la obra del\u00a0Tren Maya.<\/p>\n","protected":false},"excerpt":{"rendered":"<p>El presidente\u00a0Andr\u00e9s Manuel L\u00f3pez Obrador\u00a0anunci\u00f3 que presentar\u00e1 una denuncia internacional en contra de la empresa&#8230;<\/p>\n","protected":false},"author":1,"featured_media":9295,"comment_status":"open","ping_status":"closed","sticky":false,"template":"","format":"standard","meta":{"footnotes":""},"categories":[27,40,57],"tags":[],"class_list":["post-9293","post","type-post","status-publish","format-standard","has-post-thumbnail","hentry","category-local","category-politica","category-quintana-roo"],"_links":{"self":[{"href":"https:\/\/chaneltodaycancun.com\/index.php\/wp-json\/wp\/v2\/posts\/9293","targetHints":{"allow":["GET"]}}],"collection":[{"href":"https:\/\/chaneltodaycancun.com\/index.php\/wp-json\/wp\/v2\/posts"}],"about":[{"href":"https:\/\/chaneltodaycancun.com\/index.php\/wp-json\/wp\/v2\/types\/post"}],"author":[{"embeddable":true,"href":"https:\/\/chaneltodaycancun.com\/index.php\/wp-json\/wp\/v2\/users\/1"}],"replies":[{"embeddable":true,"href":"https:\/\/chaneltodaycancun.com\/index.php\/wp-json\/wp\/v2\/comments?post=9293"}],"version-history":[{"count":1,"href":"https:\/\/chaneltodaycancun.com\/index.php\/wp-json\/wp\/v2\/posts\/9293\/revisions"}],"predecessor-version":[{"id":9294,"href":"https:\/\/chaneltodaycancun.com\/index.php\/wp-json\/wp\/v2\/posts\/9293\/revisions\/9294"}],"wp:featuredmedia":[{"embeddable":true,"href":"https:\/\/chaneltodaycancun.com\/index.php\/wp-json\/wp\/v2\/media\/9295"}],"wp:attachment":[{"href":"https:\/\/chaneltodaycancun.com\/index.php\/wp-json\/wp\/v2\/media?parent=9293"}],"wp:term":[{"taxonomy":"category","embeddable":true,"href":"https:\/\/chaneltodaycancun.com\/index.php\/wp-json\/wp\/v2\/categories?post=9293"},{"taxonomy":"post_tag","embeddable":true,"href":"https:\/\/chaneltodaycancun.com\/index.php\/wp-json\/wp\/v2\/tags?post=9293"}],"curies":[{"name":"wp","href":"https:\/\/api.w.org\/{rel}","templated":true}]}}