{"id":9432,"date":"2022-06-26T17:14:42","date_gmt":"2022-06-26T22:14:42","guid":{"rendered":"https:\/\/chaneltodaycancun.com\/?p=9432"},"modified":"2022-06-27T22:15:32","modified_gmt":"2022-06-27T22:15:32","slug":"unas-50-ong-piden-una-investigacion-internacional-sobre-la-tragedia-melilla","status":"publish","type":"post","link":"https:\/\/chaneltodaycancun.com\/index.php\/2022\/06\/26\/unas-50-ong-piden-una-investigacion-internacional-sobre-la-tragedia-melilla\/","title":{"rendered":"Unas 50 ONG piden una investigaci\u00f3n internacional sobre la tragedia Melilla"},"content":{"rendered":"<p>Un total de 51 ONG marroqu\u00edes e internacionales firmaron una carta en la que pidieron la apertura &#8220;inmediata&#8221; de una investigaci\u00f3n judicial por parte de Marruecos, Espa\u00f1a y a nivel internacional sobre el intento masivo de emigrantes de acceder a la ciudad espa\u00f1ola de Melilla que caus\u00f3 la muerte de 23 personas.<\/p>\n<p>&#8220;Exigimos la apertura inmediata de una investigaci\u00f3n judicial independiente tanto por parte de Marruecos como de Espa\u00f1a, as\u00ed como a nivel internacional para esclarecer esta tragedia humana&#8221;, se lee en la carta.<\/p>\n<p>La tragedia ocurri\u00f3 el pasado viernes cuando alrededor de 2.000 personas subsaharianas se dirigieron en bloque con palos y piedras hacia la valla de Melilla, desde la localidad fronteriza marroqu\u00ed de Nador, para franquearla y entrar en territorio espa\u00f1ol. Un incidente que se sald\u00f3 con 23 muertos y decenas de heridos, seg\u00fan las autoridades de Nador.<\/p>\n<p>Los firmantes de la carta exigieron a las autoridades marroqu\u00edes proceder a la identificaci\u00f3n y devoluci\u00f3n de los restos de las v\u00edctimas a sus familias, al tiempo que condenaron &#8220;la falta de atenci\u00f3n r\u00e1pida a los emigrantes heridos&#8221;.<\/p>\n<p>Asimismo, las ONG tambi\u00e9n calificaron de &#8220;fracasadas&#8221; las pol\u00edticas migratorias basadas en la seguridad&#8221; y denunciaron &#8220;el car\u00e1cter mort\u00edfero&#8221; de la cooperaci\u00f3n en materia de seguridad sobre la migraci\u00f3n entre Marruecos y Espa\u00f1a.<\/p>\n<p>Los firmantes tambi\u00e9n criticaron que las campa\u00f1as de detenciones, redadas en los campamentos y los desplazamientos forzados de emigrantes se hayan multiplicado tras la reanudaci\u00f3n en marzo pasado de la cooperaci\u00f3n en materia migratoria entre Marruecos y Espa\u00f1a.<\/p>\n<p>Adem\u00e1s, las ONG denunciaron que los emigrantes de Nador no ten\u00edan acceso desde hace m\u00e1s de un a\u00f1o y medio a medicamentos ni a atenci\u00f3n sanitaria y aseguraron que sus campamentos han sido incendiados, lo cual, seg\u00fan los firmantes, &#8220;ha provocado una espiral de violencia entre ambos bandos&#8221;.&#8221;Una violencia condenable sea cual sea su origen, pero que recuerda la violencia sist\u00e9mica a la que las comunidades migrantes de Nador han sido sometidos durante a\u00f1os por las fuerzas del orden tanto espa\u00f1olas como marroqu\u00edes&#8221;<\/p>\n","protected":false},"excerpt":{"rendered":"<p>Un total de 51 ONG marroqu\u00edes e internacionales firmaron una carta en la que pidieron&#8230;<\/p>\n","protected":false},"author":1,"featured_media":9434,"comment_status":"open","ping_status":"closed","sticky":false,"template":"","format":"standard","meta":{"footnotes":""},"categories":[36,40],"tags":[],"class_list":["post-9432","post","type-post","status-publish","format-standard","has-post-thumbnail","hentry","category-internacional","category-politica"],"_links":{"self":[{"href":"https:\/\/chaneltodaycancun.com\/index.php\/wp-json\/wp\/v2\/posts\/9432","targetHints":{"allow":["GET"]}}],"collection":[{"href":"https:\/\/chaneltodaycancun.com\/index.php\/wp-json\/wp\/v2\/posts"}],"about":[{"href":"https:\/\/chaneltodaycancun.com\/index.php\/wp-json\/wp\/v2\/types\/post"}],"author":[{"embeddable":true,"href":"https:\/\/chaneltodaycancun.com\/index.php\/wp-json\/wp\/v2\/users\/1"}],"replies":[{"embeddable":true,"href":"https:\/\/chaneltodaycancun.com\/index.php\/wp-json\/wp\/v2\/comments?post=9432"}],"version-history":[{"count":1,"href":"https:\/\/chaneltodaycancun.com\/index.php\/wp-json\/wp\/v2\/posts\/9432\/revisions"}],"predecessor-version":[{"id":9433,"href":"https:\/\/chaneltodaycancun.com\/index.php\/wp-json\/wp\/v2\/posts\/9432\/revisions\/9433"}],"wp:featuredmedia":[{"embeddable":true,"href":"https:\/\/chaneltodaycancun.com\/index.php\/wp-json\/wp\/v2\/media\/9434"}],"wp:attachment":[{"href":"https:\/\/chaneltodaycancun.com\/index.php\/wp-json\/wp\/v2\/media?parent=9432"}],"wp:term":[{"taxonomy":"category","embeddable":true,"href":"https:\/\/chaneltodaycancun.com\/index.php\/wp-json\/wp\/v2\/categories?post=9432"},{"taxonomy":"post_tag","embeddable":true,"href":"https:\/\/chaneltodaycancun.com\/index.php\/wp-json\/wp\/v2\/tags?post=9432"}],"curies":[{"name":"wp","href":"https:\/\/api.w.org\/{rel}","templated":true}]}}