{"id":9489,"date":"2022-07-01T17:11:35","date_gmt":"2022-07-01T22:11:35","guid":{"rendered":"https:\/\/chaneltodaycancun.com\/?p=9489"},"modified":"2022-07-01T22:11:36","modified_gmt":"2022-07-01T22:11:36","slug":"volaris-suspende-ruta-internacional-en-aifa-por-retraso-en-recuperacion-de-categoria-1","status":"publish","type":"post","link":"https:\/\/chaneltodaycancun.com\/index.php\/2022\/07\/01\/volaris-suspende-ruta-internacional-en-aifa-por-retraso-en-recuperacion-de-categoria-1\/","title":{"rendered":"Volaris suspende ruta internacional en AIFA por retraso en recuperaci\u00f3n de categor\u00eda 1"},"content":{"rendered":"<h4 class=\"nd-title-headline-title-headline-base__abstract\" style=\"text-align: center;\">Volaris suspendi\u00f3 la ruta internacional a Los \u00c1ngeles, EU e inform\u00f3 que con su regreso al aeropuerto de Toluca ofrecer\u00e1n un mill\u00f3n de asientos al mes.<\/h4>\n<p>Debido al retraso registrado para recuperar la categor\u00eda 1 de aviaci\u00f3n por parte del gobierno de M\u00e9xico, la aerol\u00ednea Volaris suspendi\u00f3 la puesta en marcha de la ruta internacional Los \u00c1ngeles-Aeropuerto Internacional Felipe \u00c1ngeles (AIFA), planteada para diciembre pr\u00f3ximo. Durante la ceremonia de su regreso al aeropuerto de Toluca, el director general de la aerol\u00ednea, Enrique Beltranena, consider\u00f3 que este aplazamiento en el proceso es desafortunado para toda la industria a\u00e9rea.<\/p>\n<p>&#8220;El tema de la categor\u00eda es lamentablemente, es un retraso importante. Definitivamente el vuelo de Los \u00c1ngeles de diciembre no va a ser&#8221;, indic\u00f3 el directivo.<\/p>\n<p>Debido al retraso registrado para recuperar la categor\u00eda 1 de aviaci\u00f3n\u00a0por parte del gobierno de M\u00e9xico, la aerol\u00ednea Volaris\u00a0suspendi\u00f3 la puesta en marcha de la ruta internacional Los \u00c1ngeles-Aeropuerto Internacional Felipe \u00c1ngeles (AIFA), planteada para diciembre pr\u00f3ximo.<\/p>\n<p>Durante la ceremonia de su regreso al aeropuerto de Toluca, el director general de la aerol\u00ednea, Enrique Beltranena, consider\u00f3 que este aplazamiento en el proceso es desafortunado para toda la industria a\u00e9rea. &#8220;El tema de la categor\u00eda es lamentablemente, es un retraso importante. Definitivamente el vuelo de Los \u00c1ngeles de diciembre no va a ser&#8221;, indic\u00f3 el directivo. https:\/\/www.milenio.com\/negocios\/volaris-suspende-ruta-internacional-en-aifa<\/p>\n","protected":false},"excerpt":{"rendered":"<p>Volaris suspendi\u00f3 la ruta internacional a Los \u00c1ngeles, EU e inform\u00f3 que con su regreso&#8230;<\/p>\n","protected":false},"author":1,"featured_media":9491,"comment_status":"open","ping_status":"closed","sticky":false,"template":"","format":"standard","meta":{"footnotes":""},"categories":[36,37],"tags":[],"class_list":["post-9489","post","type-post","status-publish","format-standard","has-post-thumbnail","hentry","category-internacional","category-nacional"],"_links":{"self":[{"href":"https:\/\/chaneltodaycancun.com\/index.php\/wp-json\/wp\/v2\/posts\/9489","targetHints":{"allow":["GET"]}}],"collection":[{"href":"https:\/\/chaneltodaycancun.com\/index.php\/wp-json\/wp\/v2\/posts"}],"about":[{"href":"https:\/\/chaneltodaycancun.com\/index.php\/wp-json\/wp\/v2\/types\/post"}],"author":[{"embeddable":true,"href":"https:\/\/chaneltodaycancun.com\/index.php\/wp-json\/wp\/v2\/users\/1"}],"replies":[{"embeddable":true,"href":"https:\/\/chaneltodaycancun.com\/index.php\/wp-json\/wp\/v2\/comments?post=9489"}],"version-history":[{"count":1,"href":"https:\/\/chaneltodaycancun.com\/index.php\/wp-json\/wp\/v2\/posts\/9489\/revisions"}],"predecessor-version":[{"id":9490,"href":"https:\/\/chaneltodaycancun.com\/index.php\/wp-json\/wp\/v2\/posts\/9489\/revisions\/9490"}],"wp:featuredmedia":[{"embeddable":true,"href":"https:\/\/chaneltodaycancun.com\/index.php\/wp-json\/wp\/v2\/media\/9491"}],"wp:attachment":[{"href":"https:\/\/chaneltodaycancun.com\/index.php\/wp-json\/wp\/v2\/media?parent=9489"}],"wp:term":[{"taxonomy":"category","embeddable":true,"href":"https:\/\/chaneltodaycancun.com\/index.php\/wp-json\/wp\/v2\/categories?post=9489"},{"taxonomy":"post_tag","embeddable":true,"href":"https:\/\/chaneltodaycancun.com\/index.php\/wp-json\/wp\/v2\/tags?post=9489"}],"curies":[{"name":"wp","href":"https:\/\/api.w.org\/{rel}","templated":true}]}}