{"id":9492,"date":"2022-07-01T17:21:11","date_gmt":"2022-07-01T22:21:11","guid":{"rendered":"https:\/\/chaneltodaycancun.com\/?p=9492"},"modified":"2022-07-01T22:21:13","modified_gmt":"2022-07-01T22:21:13","slug":"el-ccu-sede-de-la-cumbre-internacional-del-habitat-de-america-latina-y-el-caribe","status":"publish","type":"post","link":"https:\/\/chaneltodaycancun.com\/index.php\/2022\/07\/01\/el-ccu-sede-de-la-cumbre-internacional-del-habitat-de-america-latina-y-el-caribe\/","title":{"rendered":"El CCU sede de la Cumbre Internacional del H\u00e1bitat de Am\u00e9rica Latina y el Caribe"},"content":{"rendered":"<h4 class=\"td-post-sub-title\" style=\"text-align: center;\">Reunir\u00e1 a especialistas de todo el mundo en torno al medio ambiente y las ciudades<\/h4>\n<div class=\"td-module-meta-info\">\n<p>El Centro Cultural Universitario de la Universidad de Guadalajara ser\u00e1 sede de la\u00a0<strong>Cumbre Internacional del H\u00e1bitat de Am\u00e9rica Latina y el Caribe<\/strong>\u00a0que\u00a0<strong>tendr\u00e1 lugar del 23 al 26 de agosto<\/strong>\u00a0con la participaci\u00f3n de especialistas en desarrollo urbano y medio ambiente de diversas partes del mundo.<\/p>\n<p>Este encuentro es la\u00a0<strong>culminaci\u00f3n de los foros de an\u00e1lisis urbano que desde hace un a\u00f1o la UdeG ha organizado en m\u00e1s de 20 ciudades de M\u00e9xico y otros pa\u00edses de Am\u00e9rica Latina<\/strong>, en colaboraci\u00f3n con la Secretar\u00eda de Relaciones Exteriores del gobierno mexicano y ONU H\u00e1bitat. El Museo de Ciencias Ambientales jugar\u00e1 un papel destacado en dicho foro, organizando una mesa redonda sobre el papel de los museos en el desarrollo urbano contempor\u00e1neo.<\/p>\n<p>Lo anterior fue anunciado por Martha Delgado, Subsecretaria de Asuntos Multilaterales y Derechos Humanos de la Secretar\u00eda de Relaciones Exteriores de M\u00e9xico, quien adem\u00e1s funge como Presidenta de la Asamblea General de ONU H\u00e1bitat, en conjunto con representantes de la UdeG, en la clausura del el Foro Urbano Mundial (WUF11, por sus siglas en ingl\u00e9s) de la ONU H\u00e1bitat, considerado el m\u00e1ximo foro en el mundo sobre el desarrollo de las ciudades.<\/p>\n<p>H\u00e9ctor Garc\u00eda Curiel, Coordinador General de Patrimonio Universitario, as\u00ed como Eduardo Santana Castell\u00f3n, Director General del Museo de Ciencias Ambientales (MCA), estuvieron presentes durante el anuncio en el que la funcionaria destac\u00f3 el trabajo conjunto con la UdeG.<\/p>\n<p>\u201cEs una importante iniciativa.\u00a0<strong>Las iniciativas de este tipo surgen de la propia ciudadan\u00eda en este caso de una universidad prestigiada del pa\u00eds<\/strong>\u00a0que ha decidido que la nueva agenda urbana tiene que discutirse y tiene que incluir a muchos actores en una triple h\u00e9lice de opiniones del sector privado, del gobierno en todos sus niveles y de la sociedad civil, sus organizaciones coordinados por una instituci\u00f3n como la UdeG\u201d, indic\u00f3 Martha Delgado.<\/p>\n<p>La Subsecretaria agradeci\u00f3 al Rector General de la UdeG por el apoyo brindado en el impulso de las pol\u00edticas de ONU H\u00e1bitat para el desarrollo urbano sustentable y para organizar tan importante foro latinoamericano.<\/p>\n<p>\u201cHay una agenda y una convocatoria que se est\u00e1 conformando y la idea es que sea un encuentro en donde podamos analizar, compartir y sobre todo, interconectar todas estas experiencias de las ciudades en Am\u00e9rica Latina. Ser\u00e1 todo un evento para M\u00e9xico y Am\u00e9rica Latina\u201d, afirm\u00f3 Garc\u00eda Curiel.<\/p>\n<h4><strong>Un foro para reflexionar la importancia de la ciudad<\/strong><\/h4>\n<p>Durante el WUF11 que fue realizado en la ciudad de Katowice, Polonia, con m\u00e1s de diez mil asistentes presenciales provenientes de todo el mundo,\u00a0<strong>los universitarios explicaron a los asistentes la relevancia del establecimiento de la Red Universitaria en Jalisco y sus centros regionales<\/strong>, as\u00ed como la importancia de la investigaci\u00f3n y la difusi\u00f3n de la cultura en el Centro Cultural Universitario.<\/p>\n<p>Tambi\u00e9n destacaron la\u00a0<strong>relevancia del Museo de Ciencias Ambientales, entendido como un museo sobre el \u201cantropoceno urbano\u201d<\/strong>, y su valioso papel en la transformaci\u00f3n urbana, la integraci\u00f3n social con las colonias en su entorno y la capacitaci\u00f3n para los j\u00f3venes, especialmente del nivel del Sistema de Educaci\u00f3n Media Superior, explic\u00f3 Garc\u00eda Curiel.<\/p>\n<p>Junto con alcaldesas, alcaldes y representantes de muchos ayuntamientos de M\u00e9xico y Am\u00e9rica Latina, Garc\u00eda Curiel y Santana Castell\u00f3n participaron en 15 foros y conversatorios acad\u00e9micos en los que discutieron sobre el impacto que tienen las universidades en el desarrollo de las ciudades, el papel de la filantrop\u00eda en el desarrollo de las grandes urbes, el avance de los Objetivos de Desarrollo Sustentable y la Nueva Agenda Urbana.<\/p>\n<p>Tambi\u00e9n sostuvieron reuniones con la Agencia Alemana para la Cooperaci\u00f3n Internacional (GIZ) y con los representantes de diez ciudades de M\u00e9xico y asistieron a la presentaci\u00f3n del Atlas de desarrollo industrial en M\u00e9xico.<\/p>\n<p>A dichas reuniones asistieron tambi\u00e9n Peter Grohmann, representante del Secretario General de la ONU en M\u00e9xico; la doctora Marta Delgado, Subsecretaria de Asuntos Multilaterales; el doctor Elkin Vel\u00e1squez, Director de ONU H\u00e1bitat para Am\u00e9rica Latina.\u00a0 En algunos de estos encuentros estuvo presente tambi\u00e9n Maimunah Mohd Sharif, Secretaria General Adjunta y Directora Ejecutiva de ONU H\u00e1bitat.<\/p>\n<\/div>\n","protected":false},"excerpt":{"rendered":"<p>Reunir\u00e1 a especialistas de todo el mundo en torno al medio ambiente y las ciudades&#8230;<\/p>\n","protected":false},"author":1,"featured_media":9494,"comment_status":"open","ping_status":"closed","sticky":false,"template":"","format":"standard","meta":{"footnotes":""},"categories":[47,36],"tags":[],"class_list":["post-9492","post","type-post","status-publish","format-standard","has-post-thumbnail","hentry","category-cultural","category-internacional"],"_links":{"self":[{"href":"https:\/\/chaneltodaycancun.com\/index.php\/wp-json\/wp\/v2\/posts\/9492","targetHints":{"allow":["GET"]}}],"collection":[{"href":"https:\/\/chaneltodaycancun.com\/index.php\/wp-json\/wp\/v2\/posts"}],"about":[{"href":"https:\/\/chaneltodaycancun.com\/index.php\/wp-json\/wp\/v2\/types\/post"}],"author":[{"embeddable":true,"href":"https:\/\/chaneltodaycancun.com\/index.php\/wp-json\/wp\/v2\/users\/1"}],"replies":[{"embeddable":true,"href":"https:\/\/chaneltodaycancun.com\/index.php\/wp-json\/wp\/v2\/comments?post=9492"}],"version-history":[{"count":1,"href":"https:\/\/chaneltodaycancun.com\/index.php\/wp-json\/wp\/v2\/posts\/9492\/revisions"}],"predecessor-version":[{"id":9493,"href":"https:\/\/chaneltodaycancun.com\/index.php\/wp-json\/wp\/v2\/posts\/9492\/revisions\/9493"}],"wp:featuredmedia":[{"embeddable":true,"href":"https:\/\/chaneltodaycancun.com\/index.php\/wp-json\/wp\/v2\/media\/9494"}],"wp:attachment":[{"href":"https:\/\/chaneltodaycancun.com\/index.php\/wp-json\/wp\/v2\/media?parent=9492"}],"wp:term":[{"taxonomy":"category","embeddable":true,"href":"https:\/\/chaneltodaycancun.com\/index.php\/wp-json\/wp\/v2\/categories?post=9492"},{"taxonomy":"post_tag","embeddable":true,"href":"https:\/\/chaneltodaycancun.com\/index.php\/wp-json\/wp\/v2\/tags?post=9492"}],"curies":[{"name":"wp","href":"https:\/\/api.w.org\/{rel}","templated":true}]}}