{"id":9604,"date":"2022-07-09T18:07:28","date_gmt":"2022-07-09T23:07:28","guid":{"rendered":"https:\/\/chaneltodaycancun.com\/?p=9604"},"modified":"2022-07-09T23:07:29","modified_gmt":"2022-07-09T23:07:29","slug":"quinta-ola-de-covid-en-mexico-cuando-dejas-de-contagiar-si-diste-positivo","status":"publish","type":"post","link":"https:\/\/chaneltodaycancun.com\/index.php\/2022\/07\/09\/quinta-ola-de-covid-en-mexico-cuando-dejas-de-contagiar-si-diste-positivo\/","title":{"rendered":"Quinta ola de COVID en M\u00e9xico: \u00bfCu\u00e1ndo dejas de contagiar si diste positivo?"},"content":{"rendered":"<div class=\"row\">\n<div class=\"col-sm-xl-12 layout-section wrap-bottom\">\n<h4 class=\"primary-font__PrimaryFontStyles-o56yd5-0 heuGTu h4-primary sub-headline\" style=\"text-align: center;\">La OMS ha determinado un aislamiento de 7 d\u00edas; en el inicio de la pandemia eran 14.<\/h4>\n<div class=\"default__StyledDiv-cj38t1-0 gCPfDm share-bar\">\n<p class=\"default__StyledText-xb1qmn-0 cgXrXK body-paragraph\"><b>La quinta ola de COVID-19\u00a0<\/b>lleg\u00f3 a nuestro pa\u00eds y los contagios han sido poco m\u00e1s de\u00a0<b>30 mil<\/b>\u00a0en los \u00faltimos d\u00edas en M\u00e9xico. Ante este panorama y debido a que la enfermedad es menos grave debido a las vacunas, se han adoptado\u00a0nu<b>evas medidas sanitarias.<\/b><\/p>\n<p class=\"default__StyledText-xb1qmn-0 cgXrXK body-paragraph\">Una pregunta clave que seguramente te debes estar haciendo es \u00bf<b>cu\u00e1ndo dejas de contagiar si das positivo al virus<\/b>?<\/p>\n<p class=\"default__StyledText-xb1qmn-0 cgXrXK body-paragraph\">Seg\u00fan el\u00a0<b>epidemi\u00f3logo\u00a0<\/b>Michel Mart\u00ednez, del Tecnol\u00f3gico de Monterrey, debes estar aislado por lo menos<b>\u00a0siete d\u00edas\u00a0<\/b>a partir de que empiezan los s\u00edntomas, en el d\u00eda cero.<\/p>\n<p class=\"default__StyledText-xb1qmn-0 cgXrXK body-paragraph\">\u201cHay que contar bien nuestros d\u00edas de aislamiento;\u00a0<b>el primer d\u00eda de s\u00edntomas lo constituye el d\u00eda 0 y de ah\u00ed corremos 7 d\u00edas<\/b>\u201d, dijo el Dr. Mart\u00ednez.<\/p>\n<p class=\"default__StyledText-xb1qmn-0 cgXrXK body-paragraph\">El especialista detall\u00f3 que al octavo d\u00eda las personas pueden reintegrarse a sus actividades habituales, como el trabajo o la escuela.<\/p>\n<p class=\"default__StyledText-xb1qmn-0 cgXrXK body-paragraph\">\u201cRealmente\u00a0<b>nos estaremos incorporando (a las actividades cotidianas) en el d\u00eda 8 de aislamiento;\u00a0<\/b>si seguimos esta medida, reducimos sustancialmente el riesgo de contagiar a otros al estar todav\u00eda replicando el virus\u201d, agreg\u00f3.<\/p>\n<p class=\"default__StyledText-xb1qmn-0 cgXrXK body-paragraph\">El especialista recomend\u00f3 usar cubrebocas en todo momento durante el aislamiento y hasta el d\u00eda 10 despu\u00e9s de que se dio positivo a COVID-19. Asegura que esta medida combate plenamente los contagios.<\/p>\n<h2 class=\"heading__StyledHeading-sc-5jxglz-0 kSxoe\"><b>As\u00ed debe ser el aislamiento si diste positivo a COVID<\/b><\/h2>\n<p class=\"default__StyledText-xb1qmn-0 cgXrXK body-paragraph\">Estas son las medidas que debes tomar en caso de estar enfermo o enferma de COVID:<\/p>\n<p class=\"default__StyledText-xb1qmn-0 cgXrXK body-paragraph\">&#8211; Estar\u00a0<b>en una habitaci\u00f3n separada\u00a0<\/b>del resto de los miembros del hogar.<\/p>\n<p class=\"default__StyledText-xb1qmn-0 cgXrXK body-paragraph\">-Usar\u00a0<b>un ba\u00f1o\u00a0<\/b>distinto que el de otros habitantes de tu casa.<\/p>\n<p class=\"default__StyledText-xb1qmn-0 cgXrXK body-paragraph\">&#8211;\u00a0<b>Mejorar la ventilaci\u00f3n del espacio\u00a0<\/b>donde se llevar\u00e1 a cabo el aislamiento.<\/p>\n<p class=\"default__StyledText-xb1qmn-0 cgXrXK body-paragraph\">&#8211;\u00a0<b>Evitar tener contacto con otros<\/b>\u00a0habitantes del domicilio y tambi\u00e9n con mascotas.<\/p>\n<p class=\"default__StyledText-xb1qmn-0 cgXrXK body-paragraph\">&#8211;\u00a0<b>No compartir art\u00edculos de uso personal<\/b>, utensilios de cocina, como cubiertos, platos, vasos o tazas, o toallas.<\/p>\n<p class=\"default__StyledText-xb1qmn-0 cgXrXK body-paragraph\">&#8211;\u00a0<b>Utilizar cubrebocas bien ajustados<\/b>\u00a0en caso de ser necesaria la convivencia con otras personas.<\/p>\n<p class=\"default__StyledText-xb1qmn-0 cgXrXK body-paragraph\">&#8211;<b>\u00a0Medir la oxigenaci\u00f3n<\/b>\u00a0y estar\u00a0<b>atento de la aparici\u00f3n de s\u00edntomas.<\/b><\/p>\n<\/div>\n<\/div>\n<\/div>\n<div class=\"row\">\n<div class=\"col-sm-md-12 col-lg-xl-8 left-article-section ie-flex-100-percent-sm layout-section\"><\/div>\n<\/div>\n","protected":false},"excerpt":{"rendered":"<p>La OMS ha determinado un aislamiento de 7 d\u00edas; en el inicio de la pandemia&#8230;<\/p>\n","protected":false},"author":1,"featured_media":9606,"comment_status":"open","ping_status":"closed","sticky":false,"template":"","format":"standard","meta":{"footnotes":""},"categories":[37,50],"tags":[],"class_list":["post-9604","post","type-post","status-publish","format-standard","has-post-thumbnail","hentry","category-nacional","category-salud"],"_links":{"self":[{"href":"https:\/\/chaneltodaycancun.com\/index.php\/wp-json\/wp\/v2\/posts\/9604","targetHints":{"allow":["GET"]}}],"collection":[{"href":"https:\/\/chaneltodaycancun.com\/index.php\/wp-json\/wp\/v2\/posts"}],"about":[{"href":"https:\/\/chaneltodaycancun.com\/index.php\/wp-json\/wp\/v2\/types\/post"}],"author":[{"embeddable":true,"href":"https:\/\/chaneltodaycancun.com\/index.php\/wp-json\/wp\/v2\/users\/1"}],"replies":[{"embeddable":true,"href":"https:\/\/chaneltodaycancun.com\/index.php\/wp-json\/wp\/v2\/comments?post=9604"}],"version-history":[{"count":1,"href":"https:\/\/chaneltodaycancun.com\/index.php\/wp-json\/wp\/v2\/posts\/9604\/revisions"}],"predecessor-version":[{"id":9605,"href":"https:\/\/chaneltodaycancun.com\/index.php\/wp-json\/wp\/v2\/posts\/9604\/revisions\/9605"}],"wp:featuredmedia":[{"embeddable":true,"href":"https:\/\/chaneltodaycancun.com\/index.php\/wp-json\/wp\/v2\/media\/9606"}],"wp:attachment":[{"href":"https:\/\/chaneltodaycancun.com\/index.php\/wp-json\/wp\/v2\/media?parent=9604"}],"wp:term":[{"taxonomy":"category","embeddable":true,"href":"https:\/\/chaneltodaycancun.com\/index.php\/wp-json\/wp\/v2\/categories?post=9604"},{"taxonomy":"post_tag","embeddable":true,"href":"https:\/\/chaneltodaycancun.com\/index.php\/wp-json\/wp\/v2\/tags?post=9604"}],"curies":[{"name":"wp","href":"https:\/\/api.w.org\/{rel}","templated":true}]}}