{"id":9616,"date":"2022-07-10T16:26:42","date_gmt":"2022-07-10T21:26:42","guid":{"rendered":"https:\/\/chaneltodaycancun.com\/?p=9616"},"modified":"2022-07-11T21:28:04","modified_gmt":"2022-07-11T21:28:04","slug":"subsecretario-pide-continuidad-en-economia-para-tamaulipas","status":"publish","type":"post","link":"https:\/\/chaneltodaycancun.com\/index.php\/2022\/07\/10\/subsecretario-pide-continuidad-en-economia-para-tamaulipas\/","title":{"rendered":"Subsecretario pide continuidad en econom\u00eda para Tamaulipas"},"content":{"rendered":"<header class=\"main-article--header\">\n<h4 class=\"bajada\" style=\"text-align: center;\">\u00c1lvaro Humberto Barrientos, subsecretario de Competitividad y Comercio Exterior, pidi\u00f3 que se haga an\u00e1lisis de las estrategias locales<\/h4>\n<\/header>\n<div class=\"main-article--autor\">\n<p>Es necesario haya continuidad en algunos programas a efecto de que no se frente el desarrollo econ\u00f3mico de Tamaulipas, sostuvo\u00a0<strong>\u00c1lvaro Humberto Barrientos Barr\u00f3n<\/strong>, subsecretario de Competitividad y Comercio Exterior del estado.<\/p>\n<p>Coment\u00f3 que la pr\u00f3xima\u00a0administraci\u00f3n estatal tendr\u00e1 sus propios programas en materia econ\u00f3mica pero es necesario haya continuidad en la realizaci\u00f3n de algunos de los actuales programas para la consolidaci\u00f3n de las\u00a0<strong>micro y peque\u00f1as empresas<\/strong>\u00a0que son las cuales han generado m\u00e1s empleo.<\/p>\n<p>La crisis econ\u00f3mica derivada de la\u00a0<strong>pandemia<\/strong>\u00a0del\u00a0<strong>coronavirus<\/strong>\u00a0afecto el sector econ\u00f3mico propiciando la p\u00e9rdida de empleos, bajando en la producci\u00f3n por lo cual es necesario que los programas de apoyo a las empresas no se interrumpan.<\/p>\n<div class=\"content-banner\">\n<p>A\u00f1adi\u00f3 que una condici\u00f3n para ello ser\u00e1 la seguridad y la tranquilidad. Sino hay seguridad y paz en las ciudades, en el medio rural, en las carreteras la inversi\u00f3n se puede contraer, advirti\u00f3.<\/p>\n<p>El subsecretario de\u00a0<strong>Competitividad y Comercio Exterior<\/strong>\u00a0extern\u00f3 su esperanza de que\u00a0<strong>Tamaulipas<\/strong>\u00a0pueda seguir rompiendo r\u00e9cord con m\u00e1s de 700 mil empleos formales que no se hab\u00edan visto hist\u00f3ricamente, comprobados con los reportes del\u00a0<strong>IMSS<\/strong>\u00a0y que muestra que las empresas se est\u00e1n desarrollando y creciendo contratando tamaulipecos.<\/p>\n<p>Cada administraci\u00f3n trae sus propias pol\u00edticas p\u00fablicas, y no extra\u00f1ar\u00eda cuando la\u00a0<strong>Federaci\u00f3n<\/strong>\u00a0ha estado manejando otro tipo de pol\u00edticas p\u00fablicas muy distintas a las que ha manejado el gobernador, que en\u00a0<strong>Tamaulipas<\/strong>\u00a0sucediera lo mismo, coment\u00f3.<\/p>\n<p>Continu\u00f3 diciendo que los\u00a0<strong>tamaulipecos<\/strong>\u00a0valoran el clima de seguridad que se pudo percibir en este sexenio tanto la confianza de inversi\u00f3n de muchas\u00a0<strong>empresas<\/strong>\u00a0<strong>extranjeras<\/strong>.<\/p>\n<p>El tema de seguridad, al inicio de la presente\u00a0<strong>administraci\u00f3n<\/strong>, el estado lleg\u00f3 a ocupar uno de los primeros tres lugares del inseguridad y ahora es uno de los primeros seis estados m\u00e1s seguros del pa\u00eds, insisti\u00f3.<\/p>\n<blockquote><p>\u201cAvanzar en el tema de seguridad, ha brindado una gran confianza para la inversi\u00f3n, la reconstrucci\u00f3n del tejido social\u201d, coment\u00f3, Barrientos Barr\u00f3n.<\/p><\/blockquote>\n<p>En el tema de las carreteras, en los\u00a0<strong>periodos<\/strong>\u00a0<strong>vacacionales<\/strong>, se rompieron r\u00e9cord cuando miles de familias del estado de\u00a0<strong>Texas<\/strong>\u00a0o\u00a0<strong>Nuevo Le\u00f3n\u00a0<\/strong>visitaron nuestro estado.<\/p>\n<p>Dijo que todo ello ha ayudado a mantener los buenos indicadores de crecimiento que hasta el d\u00eda de hoy se le reconocen a nivel nacional a\u00a0<strong>Tamaulipas<\/strong>.<\/p>\n<\/div>\n<\/div>\n","protected":false},"excerpt":{"rendered":"<p>\u00c1lvaro Humberto Barrientos, subsecretario de Competitividad y Comercio Exterior, pidi\u00f3 que se haga an\u00e1lisis de&#8230;<\/p>\n","protected":false},"author":1,"featured_media":9618,"comment_status":"open","ping_status":"closed","sticky":false,"template":"","format":"standard","meta":{"footnotes":""},"categories":[37,40],"tags":[],"class_list":["post-9616","post","type-post","status-publish","format-standard","has-post-thumbnail","hentry","category-nacional","category-politica"],"_links":{"self":[{"href":"https:\/\/chaneltodaycancun.com\/index.php\/wp-json\/wp\/v2\/posts\/9616","targetHints":{"allow":["GET"]}}],"collection":[{"href":"https:\/\/chaneltodaycancun.com\/index.php\/wp-json\/wp\/v2\/posts"}],"about":[{"href":"https:\/\/chaneltodaycancun.com\/index.php\/wp-json\/wp\/v2\/types\/post"}],"author":[{"embeddable":true,"href":"https:\/\/chaneltodaycancun.com\/index.php\/wp-json\/wp\/v2\/users\/1"}],"replies":[{"embeddable":true,"href":"https:\/\/chaneltodaycancun.com\/index.php\/wp-json\/wp\/v2\/comments?post=9616"}],"version-history":[{"count":1,"href":"https:\/\/chaneltodaycancun.com\/index.php\/wp-json\/wp\/v2\/posts\/9616\/revisions"}],"predecessor-version":[{"id":9617,"href":"https:\/\/chaneltodaycancun.com\/index.php\/wp-json\/wp\/v2\/posts\/9616\/revisions\/9617"}],"wp:featuredmedia":[{"embeddable":true,"href":"https:\/\/chaneltodaycancun.com\/index.php\/wp-json\/wp\/v2\/media\/9618"}],"wp:attachment":[{"href":"https:\/\/chaneltodaycancun.com\/index.php\/wp-json\/wp\/v2\/media?parent=9616"}],"wp:term":[{"taxonomy":"category","embeddable":true,"href":"https:\/\/chaneltodaycancun.com\/index.php\/wp-json\/wp\/v2\/categories?post=9616"},{"taxonomy":"post_tag","embeddable":true,"href":"https:\/\/chaneltodaycancun.com\/index.php\/wp-json\/wp\/v2\/tags?post=9616"}],"curies":[{"name":"wp","href":"https:\/\/api.w.org\/{rel}","templated":true}]}}